{"id":6657,"date":"2024-02-11T19:31:40","date_gmt":"2024-02-11T19:31:40","guid":{"rendered":"https:\/\/flamen.cz\/designovy-krb-ronde-central-zavesny\/"},"modified":"2026-03-23T19:39:13","modified_gmt":"2026-03-23T19:39:13","slug":"designovy-krb-ronde-central-zaveseny-ze-stropu","status":"publish","type":"post","link":"https:\/\/flamen.cz\/sk\/designovy-krb-ronde-central-zaveseny-ze-stropu\/","title":{"rendered":"Designov\u00fd krb Ronde Central \u2013 zav\u011b\u0161en\u00fd ze stropu"},"content":{"rendered":"<h2 data-start=\"0\" data-end=\"57\">Designov\u00fd krb Rocal Ronde Central \u2013 zav\u011b\u0161en\u00fd ze stropu<\/h2>\n<h3><span style=\"color: #ff0000;\">Designov\u00fd krb Ronde Central nab\u00edz\u00ed 360\u00b0 panoramatick\u00fd pohled na plameny.<\/span><\/h3>\n<p data-start=\"59\" data-end=\"406\"><strong>Centr\u00e1ln\u00ed designov\u00fd krb RONDE CENTRAL<\/strong>\u00a0<i>\u2013 zav\u011b\u0161en\u00fd ze stropu \u2013<\/i>\u00a0od zna\u010dky <a href=\"https:\/\/rocal.es\/\">ROCAL<\/a>\u00a0p\u0159edstavuje v\u00fdrazn\u00fd architektonick\u00fd prvek, kter\u00fd doslova levituje v prostoru. Zav\u011b\u0161en\u00ed ze stropu umo\u017e\u0148uje um\u00edstit krb <strong>doprost\u0159ed m\u00edstnosti<\/strong> a vytvo\u0159it z n\u011bj skute\u010dn\u00e9 centrum interi\u00e9ru. \u010cist\u00fd kruhov\u00fd tvar a minimalistick\u00e9 linie podtrhuj\u00ed modern\u00ed charakter a dod\u00e1vaj\u00ed prostoru lehkost.<\/p>\n<p data-start=\"408\" data-end=\"741\">Model RONDE CENTRAL nab\u00edz\u00ed <strong>jedine\u010dn\u00fd 360\u00b0 panoramatick\u00fd pohled na plameny<\/strong> d\u00edky celosklen\u011bn\u00e9mu obvodu. Ohe\u0148 tak m\u016f\u017eete sledovat ze v\u0161ech stran, co\u017e vytv\u00e1\u0159\u00ed intenzivn\u00ed atmosf\u00e9ru a rovnom\u011brn\u00fd vizu\u00e1ln\u00ed efekt v cel\u00e9 m\u00edstnosti. Krb nep\u016fsob\u00ed jako b\u011b\u017en\u00fd zdroj tepla, ale jako designov\u00fd solit\u00e9r, kter\u00fd propojuje prostor a p\u0159itahuje pozornost.<\/p>\n<p data-start=\"743\" data-end=\"901\">Krom\u011b z\u00e1v\u011bsn\u00e9 varianty je k dispozici tak\u00e9 model <a href=\"http:\/\/flamen.cz\/designove-krby\/designovy-krb-ronde-central-stojici-na-zemi\"><strong data-start=\"792\" data-end=\"827\">RONDE CENTRAL \u2013 stoj\u00edc\u00ed na zemi<\/strong><\/a>, kter\u00fd nab\u00edz\u00ed stejn\u00fd 360\u00b0 efekt v podlahov\u00e9m proveden\u00ed s podp\u011brnou nohou.<\/p>\n<p data-start=\"903\" data-end=\"975\">Spole\u010dnost FLAMEN je v\u00fdhradn\u00edm dovozcem zna\u010dky ROCAL do \u010cesk\u00e9 republiky.<\/p>\n<hr data-start=\"977\" data-end=\"980\" \/>\n<h2 data-start=\"982\" data-end=\"1043\">Pro\u010d si vybrat designov\u00fd krb ROCAL RONDE CENTRAL \u2013 zav\u011b\u0161en\u00fd ze stropu<\/h2>\n<p data-start=\"1045\" data-end=\"1240\">Z\u00e1v\u011bsn\u00e9 proveden\u00ed umo\u017e\u0148uje <strong>maxim\u00e1ln\u011b vyu\u017e\u00edt otev\u0159en\u00e9 dispozice<\/strong> a vytvo\u0159it dominantn\u00ed prvek bez nutnosti obestavby. Krb p\u016fsob\u00ed lehce, vzdu\u0161n\u011b a elegantn\u011b, zat\u00edmco <strong>ohe\u0148 je viditeln\u00fd z ka\u017ed\u00e9ho \u00fahlu<\/strong>.<\/p>\n<p data-start=\"1242\" data-end=\"1417\">Centr\u00e1ln\u00ed um\u00edst\u011bn\u00ed p\u0159irozen\u011b propojuje jednotliv\u00e9 \u010d\u00e1sti interi\u00e9ru a vytv\u00e1\u0159\u00ed prostor pro setk\u00e1v\u00e1n\u00ed. Ohe\u0148 se st\u00e1v\u00e1 st\u0159edem pozornosti i m\u00edstem, kde se soust\u0159e\u010fuje rodinn\u00fd \u017eivot.<\/p>\n<hr data-start=\"1419\" data-end=\"1422\" \/>\n<h2 data-start=\"1424\" data-end=\"1485\">Pro koho je designov\u00fd krb Ronde Central \u2013 zav\u011b\u0161en\u00fd ide\u00e1ln\u00ed<\/h2>\n<p data-start=\"1487\" data-end=\"1717\">Tento model ocen\u00ed z\u00e1kazn\u00edci, kte\u0159\u00ed cht\u011bj\u00ed vytvo\u0159it v\u00fdrazn\u00fd a origin\u00e1ln\u00ed interi\u00e9r s centr\u00e1ln\u00edm krbem. Hod\u00ed se do modern\u00edch rodinn\u00fdch dom\u016f, loft\u016f i architektonicky \u010dist\u00fdch prostor, kde m\u00e1 b\u00fdt ohe\u0148 dominantou bez vizu\u00e1ln\u00edch p\u0159ek\u00e1\u017eek.<\/p>\n<p data-start=\"1719\" data-end=\"1835\">Ide\u00e1ln\u00ed je pro ty, kte\u0159\u00ed hledaj\u00ed kombinaci minimalistick\u00e9ho designu, 360\u00b0 pohledu na plameny a efektivn\u00edho vyt\u00e1p\u011bn\u00ed.<\/p>\n<hr data-start=\"1837\" data-end=\"1840\" \/>\n<h2 data-start=\"1842\" data-end=\"1874\">Komfort a modern\u00ed technologie<\/h2>\n<p data-start=\"1876\" data-end=\"2083\">Rocal RONDE CENTRAL vyu\u017e\u00edv\u00e1<strong> prim\u00e1rn\u00ed, sekund\u00e1rn\u00ed i terci\u00e1rn\u00ed spalov\u00e1n\u00ed<\/strong>, kter\u00e9 zaji\u0161\u0165uje efektivn\u00ed a \u010dist\u00e9 ho\u0159en\u00ed. Krb spl\u0148uje po\u017eadavky \u00a0<a href=\"https:\/\/flamen.cz\/blog\/co-je-ecodesign-a-proc-by-vas-mel-zajimat-pri-vyberu-krbu-nebo-kamen\/\"><strong>certifikace ECODESIGN<\/strong><\/a> a odpov\u00edd\u00e1 sou\u010dasn\u00fdm ekologick\u00fdm norm\u00e1m vyt\u00e1p\u011bn\u00ed.<\/p>\n<p data-start=\"2085\" data-end=\"2244\">Modern\u00ed konstrukce podporuje stabiln\u00ed v\u00fdkon a pom\u00e1h\u00e1 udr\u017eovat sklen\u011bn\u00e9 plochy d\u00e9le \u010dist\u00e9, tak\u017ee si m\u016f\u017eete panoramatick\u00fd pohled na ohe\u0148 u\u017e\u00edvat bez \u010dast\u00e9 \u00fadr\u017eby.<\/p>\n<h2 data-start=\"2871\" data-end=\"2907\">Instalace, kom\u00edn a revizn\u00ed zpr\u00e1va<\/h2>\n<p data-start=\"2909\" data-end=\"3212\">Sou\u010d\u00e1st\u00ed dod\u00e1vky designov\u00e9ho krbu MINI DROP m\u016f\u017ee b\u00fdt u spole\u010dnosti FLAMEN\u00a0<strong>kompletn\u00ed \u0159e\u0161en\u00ed na kl\u00ed\u010d<\/strong>. Zajist\u00edme odborn\u00e9 poradenstv\u00ed, p\u0159esn\u00e9 zam\u011b\u0159en\u00ed,\u00a0<a href=\"https:\/\/www.moderni-krb.cz\/\">profesion\u00e1ln\u00ed instalaci kamen<\/a>, napojen\u00ed na\u00a0<a href=\"https:\/\/flamen.cz\/kominy\/\">kom\u00edn\u00a0<\/a>i vystaven\u00ed revizn\u00ed zpr\u00e1vy. Z\u00e1kazn\u00edk tak z\u00edsk\u00e1 jistotu bezpe\u010dn\u00e9ho a spr\u00e1vn\u00e9ho provozu bez dal\u0161\u00edch starost\u00ed.<\/p>\n","protected":false},"excerpt":{"rendered":"<p>Designov\u00fd krb Rocal Ronde Central \u2013 zav\u011b\u0161en\u00fd ze stropu Designov\u00fd krb Ronde Central nab\u00edz\u00ed 360\u00b0 panoramatick\u00fd pohled na plameny. Centr\u00e1ln\u00ed designov\u00fd krb RONDE CENTRAL\u00a0\u2013 zav\u011b\u0161en\u00fd ze stropu \u2013\u00a0od zna\u010dky ROCAL\u00a0p\u0159edstavuje v\u00fdrazn\u00fd architektonick\u00fd prvek, kter\u00fd doslova levituje v prostoru. Zav\u011b\u0161en\u00ed ze stropu umo\u017e\u0148uje um\u00edstit krb doprost\u0159ed m\u00edstnosti a vytvo\u0159it z n\u011bj skute\u010dn\u00e9 centrum interi\u00e9ru. \u010cist\u00fd kruhov\u00fd [&hellip;]<\/p>\n","protected":false},"author":1,"featured_media":4966,"comment_status":"closed","ping_status":"open","sticky":false,"template":"","format":"standard","meta":{"_acf_changed":false,"footnotes":""},"categories":[50],"tags":[],"class_list":["post-6657","post","type-post","status-publish","format-standard","has-post-thumbnail","hentry","category-dizajnove-krby"],"acf":[],"yoast_head":"<!-- This site is optimized with the Yoast SEO plugin v27.5 - https:\/\/yoast.com\/product\/yoast-seo-wordpress\/ -->\n<title>Designov\u00fd krb Ronde Central \u2013 zav\u011b\u0161en\u00fd ze stropu | Flamen Czech Republic, s.r.o.<\/title>\n<meta name=\"description\" content=\"Designov\u00fd centr\u00e1ln\u00ed krb RONDE CENTRAL - zav\u011b\u0161en\u00fd ze stropu s 360\u00b0 panoramatick\u00fdm sklem nab\u00edz\u00ed \u00fapln\u00fd v\u00fdhled na ohe\u0148. Spl\u0148uje ECODESIGN.\" \/>\n<meta name=\"robots\" content=\"index, follow, max-snippet:-1, max-image-preview:large, max-video-preview:-1\" \/>\n<link rel=\"canonical\" href=\"https:\/\/flamen.cz\/sk\/designovy-krb-ronde-central-zaveseny-ze-stropu\/\" \/>\n<meta property=\"og:locale\" content=\"sk_SK\" \/>\n<meta property=\"og:type\" content=\"article\" \/>\n<meta property=\"og:title\" content=\"Designov\u00fd krb Ronde Central \u2013 zav\u011b\u0161en\u00fd ze stropu | Flamen Czech Republic, s.r.o.\" \/>\n<meta property=\"og:description\" content=\"Designov\u00fd centr\u00e1ln\u00ed krb RONDE CENTRAL - zav\u011b\u0161en\u00fd ze stropu s 360\u00b0 panoramatick\u00fdm sklem nab\u00edz\u00ed \u00fapln\u00fd v\u00fdhled na ohe\u0148. Spl\u0148uje ECODESIGN.\" \/>\n<meta property=\"og:url\" content=\"https:\/\/flamen.cz\/sk\/designovy-krb-ronde-central-zaveseny-ze-stropu\/\" \/>\n<meta property=\"og:site_name\" content=\"Flamen Czech Republic, s.r.o.\" \/>\n<meta property=\"article:publisher\" content=\"https:\/\/www.facebook.com\/krbyakamnarocal\" \/>\n<meta property=\"article:published_time\" content=\"2024-02-11T19:31:40+00:00\" \/>\n<meta property=\"article:modified_time\" content=\"2026-03-23T19:39:13+00:00\" \/>\n<meta property=\"og:image\" content=\"https:\/\/flamen.cz\/wp-content\/uploads\/2024\/02\/RONDE-CENTRAL-zavesny.png\" \/>\n\t<meta property=\"og:image:width\" content=\"1275\" \/>\n\t<meta property=\"og:image:height\" content=\"1275\" \/>\n\t<meta property=\"og:image:type\" content=\"image\/png\" \/>\n<meta name=\"author\" content=\"flamencz\" \/>\n<meta name=\"twitter:card\" content=\"summary_large_image\" \/>\n<meta name=\"twitter:label1\" content=\"Autor\" \/>\n\t<meta name=\"twitter:data1\" content=\"flamencz\" \/>\n\t<meta name=\"twitter:label2\" content=\"Predpokladan\u00fd \u010das \u010d\u00edtania\" \/>\n\t<meta name=\"twitter:data2\" content=\"1 min\u00fata\" \/>\n<script type=\"application\/ld+json\" class=\"yoast-schema-graph\">{\"@context\":\"https:\\\/\\\/schema.org\",\"@graph\":[{\"@type\":\"Article\",\"@id\":\"https:\\\/\\\/flamen.cz\\\/sk\\\/designovy-krb-ronde-central-zaveseny-ze-stropu\\\/#article\",\"isPartOf\":{\"@id\":\"https:\\\/\\\/flamen.cz\\\/sk\\\/designovy-krb-ronde-central-zaveseny-ze-stropu\\\/\"},\"author\":{\"name\":\"flamencz\",\"@id\":\"https:\\\/\\\/flamen.cz\\\/#\\\/schema\\\/person\\\/61467ff6626712ab1ffc1df0f7b62895\"},\"headline\":\"Designov\u00fd krb Ronde Central \u2013 zav\u011b\u0161en\u00fd ze stropu\",\"datePublished\":\"2024-02-11T19:31:40+00:00\",\"dateModified\":\"2026-03-23T19:39:13+00:00\",\"mainEntityOfPage\":{\"@id\":\"https:\\\/\\\/flamen.cz\\\/sk\\\/designovy-krb-ronde-central-zaveseny-ze-stropu\\\/\"},\"wordCount\":509,\"image\":{\"@id\":\"https:\\\/\\\/flamen.cz\\\/sk\\\/designovy-krb-ronde-central-zaveseny-ze-stropu\\\/#primaryimage\"},\"thumbnailUrl\":\"https:\\\/\\\/flamen.cz\\\/wp-content\\\/uploads\\\/2024\\\/02\\\/RONDE-CENTRAL-zavesny.png\",\"articleSection\":[\"Dizajnov\u00e9 krby\"],\"inLanguage\":\"sk-SK\"},{\"@type\":\"WebPage\",\"@id\":\"https:\\\/\\\/flamen.cz\\\/sk\\\/designovy-krb-ronde-central-zaveseny-ze-stropu\\\/\",\"url\":\"https:\\\/\\\/flamen.cz\\\/sk\\\/designovy-krb-ronde-central-zaveseny-ze-stropu\\\/\",\"name\":\"Designov\u00fd krb Ronde Central \u2013 zav\u011b\u0161en\u00fd ze stropu | Flamen Czech Republic, s.r.o.\",\"isPartOf\":{\"@id\":\"https:\\\/\\\/flamen.cz\\\/#website\"},\"primaryImageOfPage\":{\"@id\":\"https:\\\/\\\/flamen.cz\\\/sk\\\/designovy-krb-ronde-central-zaveseny-ze-stropu\\\/#primaryimage\"},\"image\":{\"@id\":\"https:\\\/\\\/flamen.cz\\\/sk\\\/designovy-krb-ronde-central-zaveseny-ze-stropu\\\/#primaryimage\"},\"thumbnailUrl\":\"https:\\\/\\\/flamen.cz\\\/wp-content\\\/uploads\\\/2024\\\/02\\\/RONDE-CENTRAL-zavesny.png\",\"datePublished\":\"2024-02-11T19:31:40+00:00\",\"dateModified\":\"2026-03-23T19:39:13+00:00\",\"author\":{\"@id\":\"https:\\\/\\\/flamen.cz\\\/#\\\/schema\\\/person\\\/61467ff6626712ab1ffc1df0f7b62895\"},\"description\":\"Designov\u00fd centr\u00e1ln\u00ed krb RONDE CENTRAL - zav\u011b\u0161en\u00fd ze stropu s 360\u00b0 panoramatick\u00fdm sklem nab\u00edz\u00ed \u00fapln\u00fd v\u00fdhled na ohe\u0148. Spl\u0148uje ECODESIGN.\",\"breadcrumb\":{\"@id\":\"https:\\\/\\\/flamen.cz\\\/sk\\\/designovy-krb-ronde-central-zaveseny-ze-stropu\\\/#breadcrumb\"},\"inLanguage\":\"sk-SK\",\"potentialAction\":[{\"@type\":\"ReadAction\",\"target\":[\"https:\\\/\\\/flamen.cz\\\/sk\\\/designovy-krb-ronde-central-zaveseny-ze-stropu\\\/\"]}]},{\"@type\":\"ImageObject\",\"inLanguage\":\"sk-SK\",\"@id\":\"https:\\\/\\\/flamen.cz\\\/sk\\\/designovy-krb-ronde-central-zaveseny-ze-stropu\\\/#primaryimage\",\"url\":\"https:\\\/\\\/flamen.cz\\\/wp-content\\\/uploads\\\/2024\\\/02\\\/RONDE-CENTRAL-zavesny.png\",\"contentUrl\":\"https:\\\/\\\/flamen.cz\\\/wp-content\\\/uploads\\\/2024\\\/02\\\/RONDE-CENTRAL-zavesny.png\",\"width\":1275,\"height\":1275,\"caption\":\"Designov\u00fd krb od zna\u010dky Rocal RONDE CENTRAL - zav\u011b\u0161en\u00fd ze stropu v modern\u00edm interi\u00e9ru.\"},{\"@type\":\"BreadcrumbList\",\"@id\":\"https:\\\/\\\/flamen.cz\\\/sk\\\/designovy-krb-ronde-central-zaveseny-ze-stropu\\\/#breadcrumb\",\"itemListElement\":[{\"@type\":\"ListItem\",\"position\":1,\"name\":\"Dom\u016f\",\"item\":\"https:\\\/\\\/flamen.cz\\\/sk\\\/\"},{\"@type\":\"ListItem\",\"position\":2,\"name\":\"Designov\u00fd krb Ronde Central \u2013 zav\u011b\u0161en\u00fd ze stropu\"}]},{\"@type\":\"WebSite\",\"@id\":\"https:\\\/\\\/flamen.cz\\\/#website\",\"url\":\"https:\\\/\\\/flamen.cz\\\/\",\"name\":\"Flamen Czech Republic, s.r.o.\",\"description\":\"FLAMEN dov\u00e1\u017e\u00ed a instaluje krby a kamna na d\u0159evo, pelety, plyn \u010di biol\u00edh, a stav\u00ed kom\u00edny.\",\"potentialAction\":[{\"@type\":\"SearchAction\",\"target\":{\"@type\":\"EntryPoint\",\"urlTemplate\":\"https:\\\/\\\/flamen.cz\\\/?s={search_term_string}\"},\"query-input\":{\"@type\":\"PropertyValueSpecification\",\"valueRequired\":true,\"valueName\":\"search_term_string\"}}],\"inLanguage\":\"sk-SK\"},{\"@type\":\"Person\",\"@id\":\"https:\\\/\\\/flamen.cz\\\/#\\\/schema\\\/person\\\/61467ff6626712ab1ffc1df0f7b62895\",\"name\":\"flamencz\",\"sameAs\":[\"http:\\\/\\\/localhost\\\/wordpress\"],\"url\":\"https:\\\/\\\/flamen.cz\\\/sk\\\/author\\\/flamencz\\\/\"}]}<\/script>\n<!-- \/ Yoast SEO plugin. -->","yoast_head_json":{"title":"Designov\u00fd krb Ronde Central \u2013 zav\u011b\u0161en\u00fd ze stropu | Flamen Czech Republic, s.r.o.","description":"Designov\u00fd centr\u00e1ln\u00ed krb RONDE CENTRAL - zav\u011b\u0161en\u00fd ze stropu s 360\u00b0 panoramatick\u00fdm sklem nab\u00edz\u00ed \u00fapln\u00fd v\u00fdhled na ohe\u0148. Spl\u0148uje ECODESIGN.","robots":{"index":"index","follow":"follow","max-snippet":"max-snippet:-1","max-image-preview":"max-image-preview:large","max-video-preview":"max-video-preview:-1"},"canonical":"https:\/\/flamen.cz\/sk\/designovy-krb-ronde-central-zaveseny-ze-stropu\/","og_locale":"sk_SK","og_type":"article","og_title":"Designov\u00fd krb Ronde Central \u2013 zav\u011b\u0161en\u00fd ze stropu | Flamen Czech Republic, s.r.o.","og_description":"Designov\u00fd centr\u00e1ln\u00ed krb RONDE CENTRAL - zav\u011b\u0161en\u00fd ze stropu s 360\u00b0 panoramatick\u00fdm sklem nab\u00edz\u00ed \u00fapln\u00fd v\u00fdhled na ohe\u0148. Spl\u0148uje ECODESIGN.","og_url":"https:\/\/flamen.cz\/sk\/designovy-krb-ronde-central-zaveseny-ze-stropu\/","og_site_name":"Flamen Czech Republic, s.r.o.","article_publisher":"https:\/\/www.facebook.com\/krbyakamnarocal","article_published_time":"2024-02-11T19:31:40+00:00","article_modified_time":"2026-03-23T19:39:13+00:00","og_image":[{"width":1275,"height":1275,"url":"https:\/\/flamen.cz\/wp-content\/uploads\/2024\/02\/RONDE-CENTRAL-zavesny.png","type":"image\/png"}],"author":"flamencz","twitter_card":"summary_large_image","twitter_misc":{"Autor":"flamencz","Predpokladan\u00fd \u010das \u010d\u00edtania":"1 min\u00fata"},"schema":{"@context":"https:\/\/schema.org","@graph":[{"@type":"Article","@id":"https:\/\/flamen.cz\/sk\/designovy-krb-ronde-central-zaveseny-ze-stropu\/#article","isPartOf":{"@id":"https:\/\/flamen.cz\/sk\/designovy-krb-ronde-central-zaveseny-ze-stropu\/"},"author":{"name":"flamencz","@id":"https:\/\/flamen.cz\/#\/schema\/person\/61467ff6626712ab1ffc1df0f7b62895"},"headline":"Designov\u00fd krb Ronde Central \u2013 zav\u011b\u0161en\u00fd ze stropu","datePublished":"2024-02-11T19:31:40+00:00","dateModified":"2026-03-23T19:39:13+00:00","mainEntityOfPage":{"@id":"https:\/\/flamen.cz\/sk\/designovy-krb-ronde-central-zaveseny-ze-stropu\/"},"wordCount":509,"image":{"@id":"https:\/\/flamen.cz\/sk\/designovy-krb-ronde-central-zaveseny-ze-stropu\/#primaryimage"},"thumbnailUrl":"https:\/\/flamen.cz\/wp-content\/uploads\/2024\/02\/RONDE-CENTRAL-zavesny.png","articleSection":["Dizajnov\u00e9 krby"],"inLanguage":"sk-SK"},{"@type":"WebPage","@id":"https:\/\/flamen.cz\/sk\/designovy-krb-ronde-central-zaveseny-ze-stropu\/","url":"https:\/\/flamen.cz\/sk\/designovy-krb-ronde-central-zaveseny-ze-stropu\/","name":"Designov\u00fd krb Ronde Central \u2013 zav\u011b\u0161en\u00fd ze stropu | Flamen Czech Republic, s.r.o.","isPartOf":{"@id":"https:\/\/flamen.cz\/#website"},"primaryImageOfPage":{"@id":"https:\/\/flamen.cz\/sk\/designovy-krb-ronde-central-zaveseny-ze-stropu\/#primaryimage"},"image":{"@id":"https:\/\/flamen.cz\/sk\/designovy-krb-ronde-central-zaveseny-ze-stropu\/#primaryimage"},"thumbnailUrl":"https:\/\/flamen.cz\/wp-content\/uploads\/2024\/02\/RONDE-CENTRAL-zavesny.png","datePublished":"2024-02-11T19:31:40+00:00","dateModified":"2026-03-23T19:39:13+00:00","author":{"@id":"https:\/\/flamen.cz\/#\/schema\/person\/61467ff6626712ab1ffc1df0f7b62895"},"description":"Designov\u00fd centr\u00e1ln\u00ed krb RONDE CENTRAL - zav\u011b\u0161en\u00fd ze stropu s 360\u00b0 panoramatick\u00fdm sklem nab\u00edz\u00ed \u00fapln\u00fd v\u00fdhled na ohe\u0148. Spl\u0148uje ECODESIGN.","breadcrumb":{"@id":"https:\/\/flamen.cz\/sk\/designovy-krb-ronde-central-zaveseny-ze-stropu\/#breadcrumb"},"inLanguage":"sk-SK","potentialAction":[{"@type":"ReadAction","target":["https:\/\/flamen.cz\/sk\/designovy-krb-ronde-central-zaveseny-ze-stropu\/"]}]},{"@type":"ImageObject","inLanguage":"sk-SK","@id":"https:\/\/flamen.cz\/sk\/designovy-krb-ronde-central-zaveseny-ze-stropu\/#primaryimage","url":"https:\/\/flamen.cz\/wp-content\/uploads\/2024\/02\/RONDE-CENTRAL-zavesny.png","contentUrl":"https:\/\/flamen.cz\/wp-content\/uploads\/2024\/02\/RONDE-CENTRAL-zavesny.png","width":1275,"height":1275,"caption":"Designov\u00fd krb od zna\u010dky Rocal RONDE CENTRAL - zav\u011b\u0161en\u00fd ze stropu v modern\u00edm interi\u00e9ru."},{"@type":"BreadcrumbList","@id":"https:\/\/flamen.cz\/sk\/designovy-krb-ronde-central-zaveseny-ze-stropu\/#breadcrumb","itemListElement":[{"@type":"ListItem","position":1,"name":"Dom\u016f","item":"https:\/\/flamen.cz\/sk\/"},{"@type":"ListItem","position":2,"name":"Designov\u00fd krb Ronde Central \u2013 zav\u011b\u0161en\u00fd ze stropu"}]},{"@type":"WebSite","@id":"https:\/\/flamen.cz\/#website","url":"https:\/\/flamen.cz\/","name":"Flamen Czech Republic, s.r.o.","description":"FLAMEN dov\u00e1\u017e\u00ed a instaluje krby a kamna na d\u0159evo, pelety, plyn \u010di biol\u00edh, a stav\u00ed kom\u00edny.","potentialAction":[{"@type":"SearchAction","target":{"@type":"EntryPoint","urlTemplate":"https:\/\/flamen.cz\/?s={search_term_string}"},"query-input":{"@type":"PropertyValueSpecification","valueRequired":true,"valueName":"search_term_string"}}],"inLanguage":"sk-SK"},{"@type":"Person","@id":"https:\/\/flamen.cz\/#\/schema\/person\/61467ff6626712ab1ffc1df0f7b62895","name":"flamencz","sameAs":["http:\/\/localhost\/wordpress"],"url":"https:\/\/flamen.cz\/sk\/author\/flamencz\/"}]}},"_links":{"self":[{"href":"https:\/\/flamen.cz\/sk\/wp-json\/wp\/v2\/posts\/6657","targetHints":{"allow":["GET"]}}],"collection":[{"href":"https:\/\/flamen.cz\/sk\/wp-json\/wp\/v2\/posts"}],"about":[{"href":"https:\/\/flamen.cz\/sk\/wp-json\/wp\/v2\/types\/post"}],"author":[{"embeddable":true,"href":"https:\/\/flamen.cz\/sk\/wp-json\/wp\/v2\/users\/1"}],"replies":[{"embeddable":true,"href":"https:\/\/flamen.cz\/sk\/wp-json\/wp\/v2\/comments?post=6657"}],"version-history":[{"count":8,"href":"https:\/\/flamen.cz\/sk\/wp-json\/wp\/v2\/posts\/6657\/revisions"}],"predecessor-version":[{"id":18237,"href":"https:\/\/flamen.cz\/sk\/wp-json\/wp\/v2\/posts\/6657\/revisions\/18237"}],"wp:featuredmedia":[{"embeddable":true,"href":"https:\/\/flamen.cz\/sk\/wp-json\/wp\/v2\/media\/4966"}],"wp:attachment":[{"href":"https:\/\/flamen.cz\/sk\/wp-json\/wp\/v2\/media?parent=6657"}],"wp:term":[{"taxonomy":"category","embeddable":true,"href":"https:\/\/flamen.cz\/sk\/wp-json\/wp\/v2\/categories?post=6657"},{"taxonomy":"post_tag","embeddable":true,"href":"https:\/\/flamen.cz\/sk\/wp-json\/wp\/v2\/tags?post=6657"}],"curies":[{"name":"wp","href":"https:\/\/api.w.org\/{rel}","templated":true}]}}