{"id":20560,"date":"2024-07-04T10:41:41","date_gmt":"2024-07-04T10:41:41","guid":{"rendered":"https:\/\/flamen.cz\/akumulacni-kamna-grande-nobles-complet\/"},"modified":"2026-08-26T09:04:57","modified_gmt":"2026-08-26T09:04:57","slug":"akumulacni-kamna-grande-nobles-complet","status":"publish","type":"post","link":"https:\/\/flamen.cz\/sk\/akumulacni-kamna-grande-nobles-complet\/","title":{"rendered":"Akumula\u010dn\u00e9 kachle Grande Nobl\u00e8s Complet"},"content":{"rendered":"<h4><strong><span style=\"color: #ff0000;\">Doba s\u00e1lania: 6 hod\u00edn<\/span><\/strong><\/h4>\n<h2><strong><span class=\"Y2IQFc\" lang=\"sk\">Akumula\u010dn\u00e9 kachle<\/span> Grande Nobl\u00e8s Complet<\/strong><\/h2>\n<p id=\"tw-target-text\" class=\"tw-data-text tw-text-large tw-ta\" dir=\"ltr\" tabindex=\"-1\" role=\"text\" data-placeholder=\"P\u0159eklad\" data-ved=\"2ahUKEwifob3R972WAxUj0AIHHf4FC94Q3ewLegQIDBAV\" aria-label=\"P\u0159elo\u017een\u00fd text: Akumula\u010dn\u00e9 kachle Grande Nobl\u00e8s Complet predstavuj\u00fa ve\u013ek\u00e9ho brata men\u0161ieho radu Nobl\u00e8s. Jedn\u00e1 sa o nad\u010dasov\u00e9, vo\u013ene stojace akumula\u010dn\u00e9 kachle na drevo s v\u00fdrazn\u00fdm mno\u017estvom mastenca. Z tohto d\u00f4vodu bud\u00fa kachle e\u0161te hodiny po uhasen\u00ed uvo\u013e\u0148ova\u0165 s\u00e1lav\u00e9 teplo. Vyzna\u010duj\u00fa sa vy\u0161\u0161\u00edm v\u00fdkonom, ale zdie\u013eaj\u00fa vzh\u013ead klasiky men\u0161ie Nobl\u00e8s. Model Complet dod\u00e1vame s drevn\u00edkom a r\u00farou na pe\u010denie, \u010d\u00edm z\u00edskate praktick\u00fd \u00falo\u017en\u00fd priestor a navy\u0161e mo\u017enos\u0165 pr\u00edle\u017eitostn\u00e9ho varenia. Mastenec zais\u0165uje pr\u00edjemn\u00e9 a postupn\u00e9 uvo\u013e\u0148ovanie tepla, \u010do znamen\u00e1, \u017ee kachle dok\u00e1\u017eu uvo\u013e\u0148ova\u0165 teplo a\u017e 6 hod\u00edn po dohoren\u00ed oh\u0148a. \u010c\u00edm v\u00e4\u010d\u0161ia hmota mastencov\u00e9ho kame\u0148a, t\u00fdm viac vynikaj\u00fa tepelnou akumula\u010dnou schopnos\u0165ou a t\u00fdm dlh\u0161ie m\u00f4\u017eu kachle teplo uvo\u013e\u0148ova\u0165.\n\nTento model pon\u00faka ve\u013ek\u00e9 okno s kr\u00e1snym v\u00fdh\u013eadom do plame\u0148ov. Okrem toho Grande Nobl\u00e8s vynik\u00e1 kan\u00e1lom na odvod spal\u00edn, \u010do znamen\u00e1, \u017ee z dreva od\u010derp\u00e1 e\u0161te viac tepla. Tieto kachle maj\u00fa v\u00fdkon 3 a\u017e 11 kW a hmotnos\u0165 280 kg, \u010do znamen\u00e1, \u017ee dok\u00e1\u017eu pr\u00edjemne vyk\u00fari\u0165 stredne ve\u013ek\u00fa a\u017e ve\u013ek\u00fa ob\u00fdvaciu izbu. Ich kr\u00e1sny vzh\u013ead vynik\u00e1 nad\u010dasovos\u0165ou a hod\u00ed sa do ka\u017ed\u00e9ho interi\u00e9ru.\"><span class=\"Y2IQFc\" lang=\"sk\">Akumula\u010dn\u00e9 kachle Grande Nobl\u00e8s Complet predstavuj\u00fa ve\u013ek\u00e9ho brata men\u0161ieho radu Nobl\u00e8s. Jedn\u00e1 sa o nad\u010dasov\u00e9, vo\u013ene stojace <a href=\"https:\/\/flamen.cz\/sk\/akumulacne-kachle\/\">akumula\u010dn\u00e9 kachle<\/a> na drevo s v\u00fdrazn\u00fdm mno\u017estvom mastenca. Z tohto d\u00f4vodu bud\u00fa kachle e\u0161te hodiny po uhasen\u00ed uvo\u013e\u0148ova\u0165 s\u00e1lav\u00e9 teplo. Vyzna\u010duj\u00fa sa vy\u0161\u0161\u00edm v\u00fdkonom, ale zdie\u013eaj\u00fa vzh\u013ead klasiky men\u0161ie Nobl\u00e8s. Model Complet dod\u00e1vame <strong><span style=\"color: #ff0000;\">s drevn\u00edkom a r\u00farou na pe\u010denie<\/span><\/strong>, \u010d\u00edm z\u00edskate praktick\u00fd \u00falo\u017en\u00fd priestor a navy\u0161e mo\u017enos\u0165 pr\u00edle\u017eitostn\u00e9ho varenia. Mastenec zais\u0165uje pr\u00edjemn\u00e9 a postupn\u00e9 uvo\u013e\u0148ovanie tepla, \u010do znamen\u00e1, \u017ee kachle dok\u00e1\u017eu uvo\u013e\u0148ova\u0165 teplo a\u017e<strong><span style=\"color: #ff0000;\"> 6 hod\u00edn<\/span> <\/strong>po dohoren\u00ed oh\u0148a. \u010c\u00edm v\u00e4\u010d\u0161ia hmota mastencov\u00e9ho kame\u0148a, t\u00fdm viac vynikaj\u00fa tepelnou akumula\u010dnou schopnos\u0165ou a t\u00fdm dlh\u0161ie m\u00f4\u017eu kachle teplo uvo\u013e\u0148ova\u0165. <\/span><\/p>\n<p class=\"tw-data-text tw-text-large tw-ta\" dir=\"ltr\" tabindex=\"-1\" role=\"text\" data-placeholder=\"P\u0159eklad\" data-ved=\"2ahUKEwifob3R972WAxUj0AIHHf4FC94Q3ewLegQIDBAV\" aria-label=\"P\u0159elo\u017een\u00fd text: Akumula\u010dn\u00e9 kachle Grande Nobl\u00e8s Complet predstavuj\u00fa ve\u013ek\u00e9ho brata men\u0161ieho radu Nobl\u00e8s. Jedn\u00e1 sa o nad\u010dasov\u00e9, vo\u013ene stojace akumula\u010dn\u00e9 kachle na drevo s v\u00fdrazn\u00fdm mno\u017estvom mastenca. Z tohto d\u00f4vodu bud\u00fa kachle e\u0161te hodiny po uhasen\u00ed uvo\u013e\u0148ova\u0165 s\u00e1lav\u00e9 teplo. Vyzna\u010duj\u00fa sa vy\u0161\u0161\u00edm v\u00fdkonom, ale zdie\u013eaj\u00fa vzh\u013ead klasiky men\u0161ie Nobl\u00e8s. Model Complet dod\u00e1vame s drevn\u00edkom a r\u00farou na pe\u010denie, \u010d\u00edm z\u00edskate praktick\u00fd \u00falo\u017en\u00fd priestor a navy\u0161e mo\u017enos\u0165 pr\u00edle\u017eitostn\u00e9ho varenia. Mastenec zais\u0165uje pr\u00edjemn\u00e9 a postupn\u00e9 uvo\u013e\u0148ovanie tepla, \u010do znamen\u00e1, \u017ee kachle dok\u00e1\u017eu uvo\u013e\u0148ova\u0165 teplo a\u017e 6 hod\u00edn po dohoren\u00ed oh\u0148a. \u010c\u00edm v\u00e4\u010d\u0161ia hmota mastencov\u00e9ho kame\u0148a, t\u00fdm viac vynikaj\u00fa tepelnou akumula\u010dnou schopnos\u0165ou a t\u00fdm dlh\u0161ie m\u00f4\u017eu kachle teplo uvo\u013e\u0148ova\u0165.\n\nTento model pon\u00faka ve\u013ek\u00e9 okno s kr\u00e1snym v\u00fdh\u013eadom do plame\u0148ov. Okrem toho Grande Nobl\u00e8s vynik\u00e1 kan\u00e1lom na odvod spal\u00edn, \u010do znamen\u00e1, \u017ee z dreva od\u010derp\u00e1 e\u0161te viac tepla. Tieto kachle maj\u00fa v\u00fdkon 3 a\u017e 11 kW a hmotnos\u0165 280 kg, \u010do znamen\u00e1, \u017ee dok\u00e1\u017eu pr\u00edjemne vyk\u00fari\u0165 stredne ve\u013ek\u00fa a\u017e ve\u013ek\u00fa ob\u00fdvaciu izbu. Ich kr\u00e1sny vzh\u013ead vynik\u00e1 nad\u010dasovos\u0165ou a hod\u00ed sa do ka\u017ed\u00e9ho interi\u00e9ru.\"><span class=\"Y2IQFc\" lang=\"sk\">Tento model pon\u00faka ve\u013ek\u00e9 okno s kr\u00e1snym v\u00fdh\u013eadom do plame\u0148ov. Okrem toho Grande Nobl\u00e8s vynik\u00e1 kan\u00e1lom na odvod spal\u00edn, \u010do znamen\u00e1, \u017ee z dreva od\u010derp\u00e1 e\u0161te viac tepla. Tieto kachle maj\u00fa v\u00fdkon 3 a\u017e 11 kW a <strong><span style=\"color: #ff0000;\">hmotnos\u0165 280 kg<\/span><\/strong>, \u010do znamen\u00e1, \u017ee dok\u00e1\u017eu pr\u00edjemne vyk\u00fari\u0165 stredne ve\u013ek\u00fa a\u017e ve\u013ek\u00fa ob\u00fdvaciu izbu. Ich kr\u00e1sny vzh\u013ead vynik\u00e1 nad\u010dasovos\u0165ou a hod\u00ed sa do ka\u017ed\u00e9ho interi\u00e9ru.<\/span><\/p>\n<h3>\u010c\u00edm sa odli\u0161uje model akumula\u010dn\u00fdch kachl\u00ed Grande Nobl\u00e8s Complet<\/h3>\n<p>Tento model kachl\u00ed od holandsk\u00e9ho v\u00fdrobcu <a href=\"https:\/\/www.altechkachels.com\/en\/\">Altech<\/a> sp\u00e1ja s\u00e1lav\u00e9 teplo a dlh\u00fa akumul\u00e1ciu v mas\u00edvnom kameni. Tento model vynik\u00e1 vlastnos\u0165ami: s\u00e1lav\u00fd komfort a \u00fasporn\u00e1 prev\u00e1dzka. Teplo sa uklad\u00e1 do akumula\u010dnej hmoty po\u010das k\u00farenia a n\u00e1sledne sa rovnomerne uvo\u013e\u0148uje e\u0161te dlh\u00e9 hodiny po dohoren\u00ed oh\u0148a. V\u010faka tomu kachle vytv\u00e1ra stabiln\u00fa teplotu bez prekurovania a bez potreby \u010dast\u00e9ho prikladania.<\/p>\n<p><strong>Farebn\u00e9 prevedenia:<\/strong><\/p>\n<p>[barvy]<\/p>\n<p>Akumula\u010dn\u00e9 kachle Grande Nobl\u00e8s Complet dod\u00e1vame <span style=\"color: #ff0000;\"><strong>v dvoch farebn\u00fdch variantoch<\/strong><\/span>: v pr\u00edrodnom mastenci s antracitovou liatinou av jednotnom \u010diernom preveden\u00ed. Pri \u010diernej variante pon\u00fakame varianty ako s mastkov\u00fdm obkladom, tak s liatinov\u00fdmi prvkami lakovan\u00fdmi \u010diernou farbou.<\/p>\n<h3>Odborn\u00e1 mont\u00e1\u017e od FLAMEN<\/h3>\n<p>Spr\u00e1vna in\u0161tal\u00e1cia zais\u0165uje bezpe\u010dnos\u0165, v\u00fdkon a dlh\u00fa \u017eivotnos\u0165. FLAMEN zaist\u00ed dodanie, odborn\u00e9 poradenstvo, zameranie, in\u0161tal\u00e1ciu, napojenie na kom\u00edn a rev\u00edznu spr\u00e1vu. Dod\u00e1me funk\u010dn\u00e9 rie\u0161enie na k\u013e\u00fa\u010d, ktor\u00e9 zapadne do interi\u00e9ru a bude spo\u013eahlivo sl\u00fa\u017ei\u0165.<\/p>\n<p>V\u0161etky na\u0161e modely sp\u013a\u0148aj\u00fa certifik\u00e1ciu <strong><span style=\"color: #ff0000;\">ECODESIGN<\/span><\/strong>.<\/p>\n","protected":false},"excerpt":{"rendered":"<p>Doba s\u00e1lania: 6 hod\u00edn Akumula\u010dn\u00e9 kachle Grande Nobl\u00e8s Complet Akumula\u010dn\u00e9 kachle Grande Nobl\u00e8s Complet predstavuj\u00fa ve\u013ek\u00e9ho brata men\u0161ieho radu Nobl\u00e8s. Jedn\u00e1 sa o nad\u010dasov\u00e9, vo\u013ene stojace akumula\u010dn\u00e9 kachle na drevo s v\u00fdrazn\u00fdm mno\u017estvom mastenca. Z tohto d\u00f4vodu bud\u00fa kachle e\u0161te hodiny po uhasen\u00ed uvo\u013e\u0148ova\u0165 s\u00e1lav\u00e9 teplo. Vyzna\u010duj\u00fa sa vy\u0161\u0161\u00edm v\u00fdkonom, ale zdie\u013eaj\u00fa vzh\u013ead klasiky men\u0161ie [&hellip;]<\/p>\n","protected":false},"author":4,"featured_media":15629,"comment_status":"closed","ping_status":"open","sticky":false,"template":"","format":"standard","meta":{"_acf_changed":false,"footnotes":""},"categories":[57,59],"tags":[],"class_list":["post-20560","post","type-post","status-publish","format-standard","has-post-thumbnail","hentry","category-akumulacne-kachle","category-krbove-kachle"],"acf":[],"yoast_head":"<!-- This site is optimized with the Yoast SEO plugin v28.3 - https:\/\/yoast.com\/product\/yoast-seo-wordpress\/ -->\n<title>Akumula\u010dn\u00e9 kachle Grande Nobl\u00e8s Complet | Flamen Czech Republic, s.r.o.<\/title>\n<meta name=\"description\" content=\"Akumula\u010dn\u00e9 kachle Grande Nobl\u00e8s Complet - v\u00e4\u010d\u0161\u00ed variant kachl\u00ed Nobl\u00e8s. Vo\u013ene stojace kachle s r\u00farou a drevn\u00edkom poskytuj\u00face s\u00e1lav\u00e9 teplo.\" \/>\n<meta name=\"robots\" content=\"index, follow, max-snippet:-1, max-image-preview:large, max-video-preview:-1\" \/>\n<link rel=\"canonical\" href=\"https:\/\/flamen.cz\/sk\/akumulacni-kamna-grande-nobles-complet\/\" \/>\n<meta property=\"og:locale\" content=\"sk_SK\" \/>\n<meta property=\"og:type\" content=\"article\" \/>\n<meta property=\"og:title\" content=\"Akumula\u010dn\u00e9 kachle Grande Nobl\u00e8s Complet | Flamen Czech Republic, s.r.o.\" \/>\n<meta property=\"og:description\" content=\"Akumula\u010dn\u00e9 kachle Grande Nobl\u00e8s Complet - v\u00e4\u010d\u0161\u00ed variant kachl\u00ed Nobl\u00e8s. Vo\u013ene stojace kachle s r\u00farou a drevn\u00edkom poskytuj\u00face s\u00e1lav\u00e9 teplo.\" \/>\n<meta property=\"og:url\" content=\"https:\/\/flamen.cz\/sk\/akumulacni-kamna-grande-nobles-complet\/\" \/>\n<meta property=\"og:site_name\" content=\"Flamen Czech Republic, s.r.o.\" \/>\n<meta property=\"article:publisher\" content=\"https:\/\/www.facebook.com\/krbyakamnarocal\" \/>\n<meta property=\"article:published_time\" content=\"2024-07-04T10:41:41+00:00\" \/>\n<meta property=\"article:modified_time\" content=\"2026-08-26T09:04:57+00:00\" \/>\n<meta property=\"og:image\" content=\"https:\/\/flamen.cz\/wp-content\/uploads\/2024\/07\/akumulacni-kamna-v-interieru-altech-grande-nobles-complet-naturel.webp\" \/>\n\t<meta property=\"og:image:width\" content=\"1200\" \/>\n\t<meta property=\"og:image:height\" content=\"706\" \/>\n\t<meta property=\"og:image:type\" content=\"image\/webp\" \/>\n<meta name=\"author\" content=\"\u0160\u00e1rka Kri\u0161\u00e1kov\u00e1\" \/>\n<meta name=\"twitter:card\" content=\"summary_large_image\" \/>\n<meta name=\"twitter:label1\" content=\"Autor\" \/>\n\t<meta name=\"twitter:data1\" content=\"\u0160\u00e1rka Kri\u0161\u00e1kov\u00e1\" \/>\n\t<meta name=\"twitter:label2\" content=\"Predpokladan\u00fd \u010das \u010d\u00edtania\" \/>\n\t<meta name=\"twitter:data2\" content=\"2 min\u00faty\" \/>\n<script type=\"application\/ld+json\" class=\"yoast-schema-graph\">{\"@context\":\"https:\\\/\\\/schema.org\",\"@graph\":[{\"@type\":\"Article\",\"@id\":\"https:\\\/\\\/flamen.cz\\\/sk\\\/akumulacni-kamna-grande-nobles-complet\\\/#article\",\"isPartOf\":{\"@id\":\"https:\\\/\\\/flamen.cz\\\/sk\\\/akumulacni-kamna-grande-nobles-complet\\\/\"},\"author\":{\"name\":\"\u0160\u00e1rka Kri\u0161\u00e1kov\u00e1\",\"@id\":\"https:\\\/\\\/flamen.cz\\\/#\\\/schema\\\/person\\\/c3b4a7cb03ada6c6b9d218ced049975f\"},\"headline\":\"Akumula\u010dn\u00e9 kachle Grande Nobl\u00e8s Complet\",\"datePublished\":\"2024-07-04T10:41:41+00:00\",\"dateModified\":\"2026-08-26T09:04:57+00:00\",\"mainEntityOfPage\":{\"@id\":\"https:\\\/\\\/flamen.cz\\\/sk\\\/akumulacni-kamna-grande-nobles-complet\\\/\"},\"wordCount\":460,\"image\":{\"@id\":\"https:\\\/\\\/flamen.cz\\\/sk\\\/akumulacni-kamna-grande-nobles-complet\\\/#primaryimage\"},\"thumbnailUrl\":\"https:\\\/\\\/flamen.cz\\\/wp-content\\\/uploads\\\/2024\\\/07\\\/akumulacni-kamna-v-interieru-altech-grande-nobles-complet-naturel.webp\",\"articleSection\":[\"Akumula\u010dn\u00e9 kachle\",\"Krbov\u00e9 kachle\"],\"inLanguage\":\"sk-SK\"},{\"@type\":\"WebPage\",\"@id\":\"https:\\\/\\\/flamen.cz\\\/sk\\\/akumulacni-kamna-grande-nobles-complet\\\/\",\"url\":\"https:\\\/\\\/flamen.cz\\\/sk\\\/akumulacni-kamna-grande-nobles-complet\\\/\",\"name\":\"Akumula\u010dn\u00e9 kachle Grande Nobl\u00e8s Complet | Flamen Czech Republic, s.r.o.\",\"isPartOf\":{\"@id\":\"https:\\\/\\\/flamen.cz\\\/#website\"},\"primaryImageOfPage\":{\"@id\":\"https:\\\/\\\/flamen.cz\\\/sk\\\/akumulacni-kamna-grande-nobles-complet\\\/#primaryimage\"},\"image\":{\"@id\":\"https:\\\/\\\/flamen.cz\\\/sk\\\/akumulacni-kamna-grande-nobles-complet\\\/#primaryimage\"},\"thumbnailUrl\":\"https:\\\/\\\/flamen.cz\\\/wp-content\\\/uploads\\\/2024\\\/07\\\/akumulacni-kamna-v-interieru-altech-grande-nobles-complet-naturel.webp\",\"datePublished\":\"2024-07-04T10:41:41+00:00\",\"dateModified\":\"2026-08-26T09:04:57+00:00\",\"author\":{\"@id\":\"https:\\\/\\\/flamen.cz\\\/#\\\/schema\\\/person\\\/c3b4a7cb03ada6c6b9d218ced049975f\"},\"description\":\"Akumula\u010dn\u00e9 kachle Grande Nobl\u00e8s Complet - v\u00e4\u010d\u0161\u00ed variant kachl\u00ed Nobl\u00e8s. Vo\u013ene stojace kachle s r\u00farou a drevn\u00edkom poskytuj\u00face s\u00e1lav\u00e9 teplo.\",\"breadcrumb\":{\"@id\":\"https:\\\/\\\/flamen.cz\\\/sk\\\/akumulacni-kamna-grande-nobles-complet\\\/#breadcrumb\"},\"inLanguage\":\"sk-SK\",\"potentialAction\":[{\"@type\":\"ReadAction\",\"target\":[\"https:\\\/\\\/flamen.cz\\\/sk\\\/akumulacni-kamna-grande-nobles-complet\\\/\"]}]},{\"@type\":\"ImageObject\",\"inLanguage\":\"sk-SK\",\"@id\":\"https:\\\/\\\/flamen.cz\\\/sk\\\/akumulacni-kamna-grande-nobles-complet\\\/#primaryimage\",\"url\":\"https:\\\/\\\/flamen.cz\\\/wp-content\\\/uploads\\\/2024\\\/07\\\/akumulacni-kamna-v-interieru-altech-grande-nobles-complet-naturel.webp\",\"contentUrl\":\"https:\\\/\\\/flamen.cz\\\/wp-content\\\/uploads\\\/2024\\\/07\\\/akumulacni-kamna-v-interieru-altech-grande-nobles-complet-naturel.webp\",\"width\":1200,\"height\":706},{\"@type\":\"BreadcrumbList\",\"@id\":\"https:\\\/\\\/flamen.cz\\\/sk\\\/akumulacni-kamna-grande-nobles-complet\\\/#breadcrumb\",\"itemListElement\":[{\"@type\":\"ListItem\",\"position\":1,\"name\":\"Dom\u016f\",\"item\":\"https:\\\/\\\/flamen.cz\\\/sk\\\/\"},{\"@type\":\"ListItem\",\"position\":2,\"name\":\"Akumula\u010dn\u00e9 kachle Grande Nobl\u00e8s Complet\"}]},{\"@type\":\"WebSite\",\"@id\":\"https:\\\/\\\/flamen.cz\\\/#website\",\"url\":\"https:\\\/\\\/flamen.cz\\\/\",\"name\":\"Flamen Czech Republic, s.r.o.\",\"description\":\"FLAMEN dov\u00e1\u017e\u00ed a instaluje krby a kamna na d\u0159evo, pelety, plyn \u010di biol\u00edh, a stav\u00ed kom\u00edny.\",\"potentialAction\":[{\"@type\":\"SearchAction\",\"target\":{\"@type\":\"EntryPoint\",\"urlTemplate\":\"https:\\\/\\\/flamen.cz\\\/?s={search_term_string}\"},\"query-input\":{\"@type\":\"PropertyValueSpecification\",\"valueRequired\":true,\"valueName\":\"search_term_string\"}}],\"inLanguage\":\"sk-SK\"},{\"@type\":\"Person\",\"@id\":\"https:\\\/\\\/flamen.cz\\\/#\\\/schema\\\/person\\\/c3b4a7cb03ada6c6b9d218ced049975f\",\"name\":\"\u0160\u00e1rka Kri\u0161\u00e1kov\u00e1\",\"url\":\"https:\\\/\\\/flamen.cz\\\/sk\\\/author\\\/krby\\\/\"}]}<\/script>\n<!-- \/ Yoast SEO plugin. -->","yoast_head_json":{"title":"Akumula\u010dn\u00e9 kachle Grande Nobl\u00e8s Complet | Flamen Czech Republic, s.r.o.","description":"Akumula\u010dn\u00e9 kachle Grande Nobl\u00e8s Complet - v\u00e4\u010d\u0161\u00ed variant kachl\u00ed Nobl\u00e8s. Vo\u013ene stojace kachle s r\u00farou a drevn\u00edkom poskytuj\u00face s\u00e1lav\u00e9 teplo.","robots":{"index":"index","follow":"follow","max-snippet":"max-snippet:-1","max-image-preview":"max-image-preview:large","max-video-preview":"max-video-preview:-1"},"canonical":"https:\/\/flamen.cz\/sk\/akumulacni-kamna-grande-nobles-complet\/","og_locale":"sk_SK","og_type":"article","og_title":"Akumula\u010dn\u00e9 kachle Grande Nobl\u00e8s Complet | Flamen Czech Republic, s.r.o.","og_description":"Akumula\u010dn\u00e9 kachle Grande Nobl\u00e8s Complet - v\u00e4\u010d\u0161\u00ed variant kachl\u00ed Nobl\u00e8s. Vo\u013ene stojace kachle s r\u00farou a drevn\u00edkom poskytuj\u00face s\u00e1lav\u00e9 teplo.","og_url":"https:\/\/flamen.cz\/sk\/akumulacni-kamna-grande-nobles-complet\/","og_site_name":"Flamen Czech Republic, s.r.o.","article_publisher":"https:\/\/www.facebook.com\/krbyakamnarocal","article_published_time":"2024-07-04T10:41:41+00:00","article_modified_time":"2026-08-26T09:04:57+00:00","og_image":[{"width":1200,"height":706,"url":"https:\/\/flamen.cz\/wp-content\/uploads\/2024\/07\/akumulacni-kamna-v-interieru-altech-grande-nobles-complet-naturel.webp","type":"image\/webp"}],"author":"\u0160\u00e1rka Kri\u0161\u00e1kov\u00e1","twitter_card":"summary_large_image","twitter_misc":{"Autor":"\u0160\u00e1rka Kri\u0161\u00e1kov\u00e1","Predpokladan\u00fd \u010das \u010d\u00edtania":"2 min\u00faty"},"schema":{"@context":"https:\/\/schema.org","@graph":[{"@type":"Article","@id":"https:\/\/flamen.cz\/sk\/akumulacni-kamna-grande-nobles-complet\/#article","isPartOf":{"@id":"https:\/\/flamen.cz\/sk\/akumulacni-kamna-grande-nobles-complet\/"},"author":{"name":"\u0160\u00e1rka Kri\u0161\u00e1kov\u00e1","@id":"https:\/\/flamen.cz\/#\/schema\/person\/c3b4a7cb03ada6c6b9d218ced049975f"},"headline":"Akumula\u010dn\u00e9 kachle Grande Nobl\u00e8s Complet","datePublished":"2024-07-04T10:41:41+00:00","dateModified":"2026-08-26T09:04:57+00:00","mainEntityOfPage":{"@id":"https:\/\/flamen.cz\/sk\/akumulacni-kamna-grande-nobles-complet\/"},"wordCount":460,"image":{"@id":"https:\/\/flamen.cz\/sk\/akumulacni-kamna-grande-nobles-complet\/#primaryimage"},"thumbnailUrl":"https:\/\/flamen.cz\/wp-content\/uploads\/2024\/07\/akumulacni-kamna-v-interieru-altech-grande-nobles-complet-naturel.webp","articleSection":["Akumula\u010dn\u00e9 kachle","Krbov\u00e9 kachle"],"inLanguage":"sk-SK"},{"@type":"WebPage","@id":"https:\/\/flamen.cz\/sk\/akumulacni-kamna-grande-nobles-complet\/","url":"https:\/\/flamen.cz\/sk\/akumulacni-kamna-grande-nobles-complet\/","name":"Akumula\u010dn\u00e9 kachle Grande Nobl\u00e8s Complet | Flamen Czech Republic, s.r.o.","isPartOf":{"@id":"https:\/\/flamen.cz\/#website"},"primaryImageOfPage":{"@id":"https:\/\/flamen.cz\/sk\/akumulacni-kamna-grande-nobles-complet\/#primaryimage"},"image":{"@id":"https:\/\/flamen.cz\/sk\/akumulacni-kamna-grande-nobles-complet\/#primaryimage"},"thumbnailUrl":"https:\/\/flamen.cz\/wp-content\/uploads\/2024\/07\/akumulacni-kamna-v-interieru-altech-grande-nobles-complet-naturel.webp","datePublished":"2024-07-04T10:41:41+00:00","dateModified":"2026-08-26T09:04:57+00:00","author":{"@id":"https:\/\/flamen.cz\/#\/schema\/person\/c3b4a7cb03ada6c6b9d218ced049975f"},"description":"Akumula\u010dn\u00e9 kachle Grande Nobl\u00e8s Complet - v\u00e4\u010d\u0161\u00ed variant kachl\u00ed Nobl\u00e8s. Vo\u013ene stojace kachle s r\u00farou a drevn\u00edkom poskytuj\u00face s\u00e1lav\u00e9 teplo.","breadcrumb":{"@id":"https:\/\/flamen.cz\/sk\/akumulacni-kamna-grande-nobles-complet\/#breadcrumb"},"inLanguage":"sk-SK","potentialAction":[{"@type":"ReadAction","target":["https:\/\/flamen.cz\/sk\/akumulacni-kamna-grande-nobles-complet\/"]}]},{"@type":"ImageObject","inLanguage":"sk-SK","@id":"https:\/\/flamen.cz\/sk\/akumulacni-kamna-grande-nobles-complet\/#primaryimage","url":"https:\/\/flamen.cz\/wp-content\/uploads\/2024\/07\/akumulacni-kamna-v-interieru-altech-grande-nobles-complet-naturel.webp","contentUrl":"https:\/\/flamen.cz\/wp-content\/uploads\/2024\/07\/akumulacni-kamna-v-interieru-altech-grande-nobles-complet-naturel.webp","width":1200,"height":706},{"@type":"BreadcrumbList","@id":"https:\/\/flamen.cz\/sk\/akumulacni-kamna-grande-nobles-complet\/#breadcrumb","itemListElement":[{"@type":"ListItem","position":1,"name":"Dom\u016f","item":"https:\/\/flamen.cz\/sk\/"},{"@type":"ListItem","position":2,"name":"Akumula\u010dn\u00e9 kachle Grande Nobl\u00e8s Complet"}]},{"@type":"WebSite","@id":"https:\/\/flamen.cz\/#website","url":"https:\/\/flamen.cz\/","name":"Flamen Czech Republic, s.r.o.","description":"FLAMEN dov\u00e1\u017e\u00ed a instaluje krby a kamna na d\u0159evo, pelety, plyn \u010di biol\u00edh, a stav\u00ed kom\u00edny.","potentialAction":[{"@type":"SearchAction","target":{"@type":"EntryPoint","urlTemplate":"https:\/\/flamen.cz\/?s={search_term_string}"},"query-input":{"@type":"PropertyValueSpecification","valueRequired":true,"valueName":"search_term_string"}}],"inLanguage":"sk-SK"},{"@type":"Person","@id":"https:\/\/flamen.cz\/#\/schema\/person\/c3b4a7cb03ada6c6b9d218ced049975f","name":"\u0160\u00e1rka Kri\u0161\u00e1kov\u00e1","url":"https:\/\/flamen.cz\/sk\/author\/krby\/"}]}},"_links":{"self":[{"href":"https:\/\/flamen.cz\/sk\/wp-json\/wp\/v2\/posts\/20560","targetHints":{"allow":["GET"]}}],"collection":[{"href":"https:\/\/flamen.cz\/sk\/wp-json\/wp\/v2\/posts"}],"about":[{"href":"https:\/\/flamen.cz\/sk\/wp-json\/wp\/v2\/types\/post"}],"author":[{"embeddable":true,"href":"https:\/\/flamen.cz\/sk\/wp-json\/wp\/v2\/users\/4"}],"replies":[{"embeddable":true,"href":"https:\/\/flamen.cz\/sk\/wp-json\/wp\/v2\/comments?post=20560"}],"version-history":[{"count":2,"href":"https:\/\/flamen.cz\/sk\/wp-json\/wp\/v2\/posts\/20560\/revisions"}],"predecessor-version":[{"id":20563,"href":"https:\/\/flamen.cz\/sk\/wp-json\/wp\/v2\/posts\/20560\/revisions\/20563"}],"wp:featuredmedia":[{"embeddable":true,"href":"https:\/\/flamen.cz\/sk\/wp-json\/wp\/v2\/media\/15629"}],"wp:attachment":[{"href":"https:\/\/flamen.cz\/sk\/wp-json\/wp\/v2\/media?parent=20560"}],"wp:term":[{"taxonomy":"category","embeddable":true,"href":"https:\/\/flamen.cz\/sk\/wp-json\/wp\/v2\/categories?post=20560"},{"taxonomy":"post_tag","embeddable":true,"href":"https:\/\/flamen.cz\/sk\/wp-json\/wp\/v2\/tags?post=20560"}],"curies":[{"name":"wp","href":"https:\/\/api.w.org\/{rel}","templated":true}]}}