{"id":10730,"date":"2025-06-03T11:26:35","date_gmt":"2025-06-03T11:26:35","guid":{"rendered":"https:\/\/flamen.cz\/magna-stormy-grey-l\/"},"modified":"2026-01-20T13:32:45","modified_gmt":"2026-01-20T13:32:45","slug":"magna-stormy-grey-l","status":"publish","type":"post","link":"https:\/\/flamen.cz\/hu\/magna-stormy-grey-l\/","title":{"rendered":"MAGNA Stormy Grey L"},"content":{"rendered":"<h4 style=\"text-align: center;\" data-start=\"627\" data-end=\"875\"><span style=\"color: #ff0000;\">Eredeti \u00fcvegker\u00e1mia kandall\u00f3 \u00fajrahasznos\u00edtott \u00fcvegb\u0151l<\/span><\/h4>\n<p data-start=\"251\" data-end=\"389\">Egyedi tervez\u00e9si, \u00f6kol\u00f3giai \u00e9s funkcion\u00e1lis ig\u00e9nyeinek megfelel\u0151 kandall\u00f3t keres? A <strong>MAGNA Stormy Grey L<\/strong>\u00a0pontosan az a modell, amit keresett, egy igaz\u00e1n sz\u00fcrke v\u00e1ltozatban!<\/p>\n<p>A MAGNA letisztult vonalaival \u00e9s kiemelked\u0151 diz\u00e1jnj\u00e1val ny\u0171g\u00f6z le. A <strong>Stormy Grey<\/strong> \u00e1rnyalat \u2013 egy finom mint\u00e1zat\u00fa term\u00e9szetes feny\u0151fa \u2013 melegs\u00e9get \u00e9s nyugalmat k\u00f6lcs\u00f6n\u00f6z otthon\u00e1nak. Pol\u00edrozott \u00e9s textur\u00e1lt fel\u00fclettel kaphat\u00f3.<\/p>\n<p><strong>\u00d6kol\u00f3giai gy\u00e1rt\u00e1s<\/strong><\/p>\n<p>A MAGNA kandall\u00f3 k\u00e1lyh\u00e1k <strong>100%-ban \u00fajrahasznos\u00edtott \u00fcvegb\u0151l k\u00e9sz\u00fclnek<\/strong> &#8211; nyersanyagok kinyer\u00e9se n\u00e9lk\u00fcl. Napelemekb\u0151l sz\u00e1rmaz\u00f3 marad\u00e9kot vagy \u00e1sv\u00e1nyv\u00edz-, s\u00f6r- vagy pezsg\u0151s\u00fcvegekb\u0151l sz\u00e1rmaz\u00f3 \u00fcveget haszn\u00e1lnak fel. Maga a gy\u00e1rt\u00e1si folyamat is nagyon k\u00f6rnyezetbar\u00e1t.<\/p>\n","protected":false},"excerpt":{"rendered":"<p>Eredeti \u00fcvegker\u00e1mia kandall\u00f3 \u00fajrahasznos\u00edtott \u00fcvegb\u0151l Egyedi tervez\u00e9si, \u00f6kol\u00f3giai \u00e9s funkcion\u00e1lis ig\u00e9nyeinek megfelel\u0151 kandall\u00f3t keres? A MAGNA Stormy Grey L\u00a0pontosan az a modell, amit keresett, egy igaz\u00e1n sz\u00fcrke v\u00e1ltozatban! A MAGNA letisztult vonalaival \u00e9s kiemelked\u0151 diz\u00e1jnj\u00e1val ny\u0171g\u00f6z le. A Stormy Grey \u00e1rnyalat \u2013 egy finom mint\u00e1zat\u00fa term\u00e9szetes feny\u0151fa \u2013 melegs\u00e9get \u00e9s nyugalmat k\u00f6lcs\u00f6n\u00f6z otthon\u00e1nak. Pol\u00edrozott \u00e9s [&hellip;]<\/p>\n","protected":false},"author":4,"featured_media":10731,"comment_status":"closed","ping_status":"open","sticky":false,"template":"","format":"standard","meta":{"_acf_changed":false,"footnotes":""},"categories":[91],"tags":[],"class_list":["post-10730","post","type-post","status-publish","format-standard","has-post-thumbnail","hentry","category-kandallo-kalyha"],"acf":[],"yoast_head":"<!-- This site is optimized with the Yoast SEO plugin v27.5 - https:\/\/yoast.com\/product\/yoast-seo-wordpress\/ -->\n<title>MAGNA Stormy Grey L | Flamen Czech Republic, s.r.o.<\/title>\n<meta name=\"description\" content=\"\u00dcvegker\u00e1mia diz\u00e1jner kandall\u00f3 olvasztott \u00fajrahasznos\u00edtott \u00fcvegb\u0151l k\u00e9sz\u00fclt fel\u00fclettel. K\u00fcl\u00f6nb\u00f6z\u0151 sz\u00ednekben \u00e9s fel\u00fcletkezel\u00e9sekben kaphat\u00f3. 4\" \/>\n<meta name=\"robots\" content=\"index, follow, max-snippet:-1, max-image-preview:large, max-video-preview:-1\" \/>\n<link rel=\"canonical\" href=\"https:\/\/flamen.cz\/hu\/magna-stormy-grey-l\/\" \/>\n<meta property=\"og:locale\" content=\"hu_HU\" \/>\n<meta property=\"og:type\" content=\"article\" \/>\n<meta property=\"og:title\" content=\"MAGNA Stormy Grey L | Flamen Czech Republic, s.r.o.\" \/>\n<meta property=\"og:description\" content=\"\u00dcvegker\u00e1mia diz\u00e1jner kandall\u00f3 olvasztott \u00fajrahasznos\u00edtott \u00fcvegb\u0151l k\u00e9sz\u00fclt fel\u00fclettel. K\u00fcl\u00f6nb\u00f6z\u0151 sz\u00ednekben \u00e9s fel\u00fcletkezel\u00e9sekben kaphat\u00f3. 4\" \/>\n<meta property=\"og:url\" content=\"https:\/\/flamen.cz\/hu\/magna-stormy-grey-l\/\" \/>\n<meta property=\"og:site_name\" content=\"Flamen Czech Republic, s.r.o.\" \/>\n<meta property=\"article:publisher\" content=\"https:\/\/www.facebook.com\/krbyakamnarocal\" \/>\n<meta property=\"article:published_time\" content=\"2025-06-03T11:26:35+00:00\" \/>\n<meta property=\"article:modified_time\" content=\"2026-01-20T13:32:45+00:00\" \/>\n<meta property=\"og:image\" content=\"https:\/\/flamen.cz\/wp-content\/uploads\/2025\/06\/CB-tec-MAGNA-Stormy-grey-S20XL-1.jpg\" \/>\n\t<meta property=\"og:image:width\" content=\"2500\" \/>\n\t<meta property=\"og:image:height\" content=\"1406\" \/>\n\t<meta property=\"og:image:type\" content=\"image\/jpeg\" \/>\n<meta name=\"author\" content=\"\u0160\u00e1rka Kri\u0161\u00e1kov\u00e1\" \/>\n<meta name=\"twitter:card\" content=\"summary_large_image\" \/>\n<meta name=\"twitter:label1\" content=\"Szerz\u0151:\" \/>\n\t<meta name=\"twitter:data1\" content=\"\u0160\u00e1rka Kri\u0161\u00e1kov\u00e1\" \/>\n\t<meta name=\"twitter:label2\" content=\"Becs\u00fclt olvas\u00e1si id\u0151\" \/>\n\t<meta name=\"twitter:data2\" content=\"1 perc\" \/>\n<script type=\"application\/ld+json\" class=\"yoast-schema-graph\">{\"@context\":\"https:\\\/\\\/schema.org\",\"@graph\":[{\"@type\":\"Article\",\"@id\":\"https:\\\/\\\/flamen.cz\\\/hu\\\/magna-stormy-grey-l\\\/#article\",\"isPartOf\":{\"@id\":\"https:\\\/\\\/flamen.cz\\\/hu\\\/magna-stormy-grey-l\\\/\"},\"author\":{\"name\":\"\u0160\u00e1rka Kri\u0161\u00e1kov\u00e1\",\"@id\":\"https:\\\/\\\/flamen.cz\\\/#\\\/schema\\\/person\\\/c3b4a7cb03ada6c6b9d218ced049975f\"},\"headline\":\"MAGNA Stormy Grey L\",\"datePublished\":\"2025-06-03T11:26:35+00:00\",\"dateModified\":\"2026-01-20T13:32:45+00:00\",\"mainEntityOfPage\":{\"@id\":\"https:\\\/\\\/flamen.cz\\\/hu\\\/magna-stormy-grey-l\\\/\"},\"wordCount\":147,\"image\":{\"@id\":\"https:\\\/\\\/flamen.cz\\\/hu\\\/magna-stormy-grey-l\\\/#primaryimage\"},\"thumbnailUrl\":\"https:\\\/\\\/flamen.cz\\\/wp-content\\\/uploads\\\/2025\\\/06\\\/CB-tec-MAGNA-Stormy-grey-S20XL-1.jpg\",\"articleSection\":[\"Kandall\u00f3 k\u00e1lyha\"],\"inLanguage\":\"hu\"},{\"@type\":\"WebPage\",\"@id\":\"https:\\\/\\\/flamen.cz\\\/hu\\\/magna-stormy-grey-l\\\/\",\"url\":\"https:\\\/\\\/flamen.cz\\\/hu\\\/magna-stormy-grey-l\\\/\",\"name\":\"MAGNA Stormy Grey L | Flamen Czech Republic, s.r.o.\",\"isPartOf\":{\"@id\":\"https:\\\/\\\/flamen.cz\\\/#website\"},\"primaryImageOfPage\":{\"@id\":\"https:\\\/\\\/flamen.cz\\\/hu\\\/magna-stormy-grey-l\\\/#primaryimage\"},\"image\":{\"@id\":\"https:\\\/\\\/flamen.cz\\\/hu\\\/magna-stormy-grey-l\\\/#primaryimage\"},\"thumbnailUrl\":\"https:\\\/\\\/flamen.cz\\\/wp-content\\\/uploads\\\/2025\\\/06\\\/CB-tec-MAGNA-Stormy-grey-S20XL-1.jpg\",\"datePublished\":\"2025-06-03T11:26:35+00:00\",\"dateModified\":\"2026-01-20T13:32:45+00:00\",\"author\":{\"@id\":\"https:\\\/\\\/flamen.cz\\\/#\\\/schema\\\/person\\\/c3b4a7cb03ada6c6b9d218ced049975f\"},\"description\":\"\u00dcvegker\u00e1mia diz\u00e1jner kandall\u00f3 olvasztott \u00fajrahasznos\u00edtott \u00fcvegb\u0151l k\u00e9sz\u00fclt fel\u00fclettel. K\u00fcl\u00f6nb\u00f6z\u0151 sz\u00ednekben \u00e9s fel\u00fcletkezel\u00e9sekben kaphat\u00f3. 4\",\"breadcrumb\":{\"@id\":\"https:\\\/\\\/flamen.cz\\\/hu\\\/magna-stormy-grey-l\\\/#breadcrumb\"},\"inLanguage\":\"hu\",\"potentialAction\":[{\"@type\":\"ReadAction\",\"target\":[\"https:\\\/\\\/flamen.cz\\\/hu\\\/magna-stormy-grey-l\\\/\"]}]},{\"@type\":\"ImageObject\",\"inLanguage\":\"hu\",\"@id\":\"https:\\\/\\\/flamen.cz\\\/hu\\\/magna-stormy-grey-l\\\/#primaryimage\",\"url\":\"https:\\\/\\\/flamen.cz\\\/wp-content\\\/uploads\\\/2025\\\/06\\\/CB-tec-MAGNA-Stormy-grey-S20XL-1.jpg\",\"contentUrl\":\"https:\\\/\\\/flamen.cz\\\/wp-content\\\/uploads\\\/2025\\\/06\\\/CB-tec-MAGNA-Stormy-grey-S20XL-1.jpg\",\"width\":2500,\"height\":1406,\"caption\":\"Sklokeramick\u00e1 rohov\u00e1 kamna CB-tec MAGNA v \u0161ed\u00e9m designu\"},{\"@type\":\"BreadcrumbList\",\"@id\":\"https:\\\/\\\/flamen.cz\\\/hu\\\/magna-stormy-grey-l\\\/#breadcrumb\",\"itemListElement\":[{\"@type\":\"ListItem\",\"position\":1,\"name\":\"Dom\u016f\",\"item\":\"https:\\\/\\\/flamen.cz\\\/hu\\\/\"},{\"@type\":\"ListItem\",\"position\":2,\"name\":\"MAGNA Stormy Grey L\"}]},{\"@type\":\"WebSite\",\"@id\":\"https:\\\/\\\/flamen.cz\\\/#website\",\"url\":\"https:\\\/\\\/flamen.cz\\\/\",\"name\":\"Flamen Czech Republic, s.r.o.\",\"description\":\"FLAMEN dov\u00e1\u017e\u00ed a instaluje krby a kamna na d\u0159evo, pelety, plyn \u010di biol\u00edh, a stav\u00ed kom\u00edny.\",\"potentialAction\":[{\"@type\":\"SearchAction\",\"target\":{\"@type\":\"EntryPoint\",\"urlTemplate\":\"https:\\\/\\\/flamen.cz\\\/?s={search_term_string}\"},\"query-input\":{\"@type\":\"PropertyValueSpecification\",\"valueRequired\":true,\"valueName\":\"search_term_string\"}}],\"inLanguage\":\"hu\"},{\"@type\":\"Person\",\"@id\":\"https:\\\/\\\/flamen.cz\\\/#\\\/schema\\\/person\\\/c3b4a7cb03ada6c6b9d218ced049975f\",\"name\":\"\u0160\u00e1rka Kri\u0161\u00e1kov\u00e1\",\"url\":\"https:\\\/\\\/flamen.cz\\\/hu\\\/author\\\/krby\\\/\"}]}<\/script>\n<!-- \/ Yoast SEO plugin. -->","yoast_head_json":{"title":"MAGNA Stormy Grey L | Flamen Czech Republic, s.r.o.","description":"\u00dcvegker\u00e1mia diz\u00e1jner kandall\u00f3 olvasztott \u00fajrahasznos\u00edtott \u00fcvegb\u0151l k\u00e9sz\u00fclt fel\u00fclettel. K\u00fcl\u00f6nb\u00f6z\u0151 sz\u00ednekben \u00e9s fel\u00fcletkezel\u00e9sekben kaphat\u00f3. 4","robots":{"index":"index","follow":"follow","max-snippet":"max-snippet:-1","max-image-preview":"max-image-preview:large","max-video-preview":"max-video-preview:-1"},"canonical":"https:\/\/flamen.cz\/hu\/magna-stormy-grey-l\/","og_locale":"hu_HU","og_type":"article","og_title":"MAGNA Stormy Grey L | Flamen Czech Republic, s.r.o.","og_description":"\u00dcvegker\u00e1mia diz\u00e1jner kandall\u00f3 olvasztott \u00fajrahasznos\u00edtott \u00fcvegb\u0151l k\u00e9sz\u00fclt fel\u00fclettel. K\u00fcl\u00f6nb\u00f6z\u0151 sz\u00ednekben \u00e9s fel\u00fcletkezel\u00e9sekben kaphat\u00f3. 4","og_url":"https:\/\/flamen.cz\/hu\/magna-stormy-grey-l\/","og_site_name":"Flamen Czech Republic, s.r.o.","article_publisher":"https:\/\/www.facebook.com\/krbyakamnarocal","article_published_time":"2025-06-03T11:26:35+00:00","article_modified_time":"2026-01-20T13:32:45+00:00","og_image":[{"width":2500,"height":1406,"url":"https:\/\/flamen.cz\/wp-content\/uploads\/2025\/06\/CB-tec-MAGNA-Stormy-grey-S20XL-1.jpg","type":"image\/jpeg"}],"author":"\u0160\u00e1rka Kri\u0161\u00e1kov\u00e1","twitter_card":"summary_large_image","twitter_misc":{"Szerz\u0151:":"\u0160\u00e1rka Kri\u0161\u00e1kov\u00e1","Becs\u00fclt olvas\u00e1si id\u0151":"1 perc"},"schema":{"@context":"https:\/\/schema.org","@graph":[{"@type":"Article","@id":"https:\/\/flamen.cz\/hu\/magna-stormy-grey-l\/#article","isPartOf":{"@id":"https:\/\/flamen.cz\/hu\/magna-stormy-grey-l\/"},"author":{"name":"\u0160\u00e1rka Kri\u0161\u00e1kov\u00e1","@id":"https:\/\/flamen.cz\/#\/schema\/person\/c3b4a7cb03ada6c6b9d218ced049975f"},"headline":"MAGNA Stormy Grey L","datePublished":"2025-06-03T11:26:35+00:00","dateModified":"2026-01-20T13:32:45+00:00","mainEntityOfPage":{"@id":"https:\/\/flamen.cz\/hu\/magna-stormy-grey-l\/"},"wordCount":147,"image":{"@id":"https:\/\/flamen.cz\/hu\/magna-stormy-grey-l\/#primaryimage"},"thumbnailUrl":"https:\/\/flamen.cz\/wp-content\/uploads\/2025\/06\/CB-tec-MAGNA-Stormy-grey-S20XL-1.jpg","articleSection":["Kandall\u00f3 k\u00e1lyha"],"inLanguage":"hu"},{"@type":"WebPage","@id":"https:\/\/flamen.cz\/hu\/magna-stormy-grey-l\/","url":"https:\/\/flamen.cz\/hu\/magna-stormy-grey-l\/","name":"MAGNA Stormy Grey L | Flamen Czech Republic, s.r.o.","isPartOf":{"@id":"https:\/\/flamen.cz\/#website"},"primaryImageOfPage":{"@id":"https:\/\/flamen.cz\/hu\/magna-stormy-grey-l\/#primaryimage"},"image":{"@id":"https:\/\/flamen.cz\/hu\/magna-stormy-grey-l\/#primaryimage"},"thumbnailUrl":"https:\/\/flamen.cz\/wp-content\/uploads\/2025\/06\/CB-tec-MAGNA-Stormy-grey-S20XL-1.jpg","datePublished":"2025-06-03T11:26:35+00:00","dateModified":"2026-01-20T13:32:45+00:00","author":{"@id":"https:\/\/flamen.cz\/#\/schema\/person\/c3b4a7cb03ada6c6b9d218ced049975f"},"description":"\u00dcvegker\u00e1mia diz\u00e1jner kandall\u00f3 olvasztott \u00fajrahasznos\u00edtott \u00fcvegb\u0151l k\u00e9sz\u00fclt fel\u00fclettel. K\u00fcl\u00f6nb\u00f6z\u0151 sz\u00ednekben \u00e9s fel\u00fcletkezel\u00e9sekben kaphat\u00f3. 4","breadcrumb":{"@id":"https:\/\/flamen.cz\/hu\/magna-stormy-grey-l\/#breadcrumb"},"inLanguage":"hu","potentialAction":[{"@type":"ReadAction","target":["https:\/\/flamen.cz\/hu\/magna-stormy-grey-l\/"]}]},{"@type":"ImageObject","inLanguage":"hu","@id":"https:\/\/flamen.cz\/hu\/magna-stormy-grey-l\/#primaryimage","url":"https:\/\/flamen.cz\/wp-content\/uploads\/2025\/06\/CB-tec-MAGNA-Stormy-grey-S20XL-1.jpg","contentUrl":"https:\/\/flamen.cz\/wp-content\/uploads\/2025\/06\/CB-tec-MAGNA-Stormy-grey-S20XL-1.jpg","width":2500,"height":1406,"caption":"Sklokeramick\u00e1 rohov\u00e1 kamna CB-tec MAGNA v \u0161ed\u00e9m designu"},{"@type":"BreadcrumbList","@id":"https:\/\/flamen.cz\/hu\/magna-stormy-grey-l\/#breadcrumb","itemListElement":[{"@type":"ListItem","position":1,"name":"Dom\u016f","item":"https:\/\/flamen.cz\/hu\/"},{"@type":"ListItem","position":2,"name":"MAGNA Stormy Grey L"}]},{"@type":"WebSite","@id":"https:\/\/flamen.cz\/#website","url":"https:\/\/flamen.cz\/","name":"Flamen Czech Republic, s.r.o.","description":"FLAMEN dov\u00e1\u017e\u00ed a instaluje krby a kamna na d\u0159evo, pelety, plyn \u010di biol\u00edh, a stav\u00ed kom\u00edny.","potentialAction":[{"@type":"SearchAction","target":{"@type":"EntryPoint","urlTemplate":"https:\/\/flamen.cz\/?s={search_term_string}"},"query-input":{"@type":"PropertyValueSpecification","valueRequired":true,"valueName":"search_term_string"}}],"inLanguage":"hu"},{"@type":"Person","@id":"https:\/\/flamen.cz\/#\/schema\/person\/c3b4a7cb03ada6c6b9d218ced049975f","name":"\u0160\u00e1rka Kri\u0161\u00e1kov\u00e1","url":"https:\/\/flamen.cz\/hu\/author\/krby\/"}]}},"_links":{"self":[{"href":"https:\/\/flamen.cz\/hu\/wp-json\/wp\/v2\/posts\/10730","targetHints":{"allow":["GET"]}}],"collection":[{"href":"https:\/\/flamen.cz\/hu\/wp-json\/wp\/v2\/posts"}],"about":[{"href":"https:\/\/flamen.cz\/hu\/wp-json\/wp\/v2\/types\/post"}],"author":[{"embeddable":true,"href":"https:\/\/flamen.cz\/hu\/wp-json\/wp\/v2\/users\/4"}],"replies":[{"embeddable":true,"href":"https:\/\/flamen.cz\/hu\/wp-json\/wp\/v2\/comments?post=10730"}],"version-history":[{"count":2,"href":"https:\/\/flamen.cz\/hu\/wp-json\/wp\/v2\/posts\/10730\/revisions"}],"predecessor-version":[{"id":10737,"href":"https:\/\/flamen.cz\/hu\/wp-json\/wp\/v2\/posts\/10730\/revisions\/10737"}],"wp:featuredmedia":[{"embeddable":true,"href":"https:\/\/flamen.cz\/hu\/wp-json\/wp\/v2\/media\/10731"}],"wp:attachment":[{"href":"https:\/\/flamen.cz\/hu\/wp-json\/wp\/v2\/media?parent=10730"}],"wp:term":[{"taxonomy":"category","embeddable":true,"href":"https:\/\/flamen.cz\/hu\/wp-json\/wp\/v2\/categories?post=10730"},{"taxonomy":"post_tag","embeddable":true,"href":"https:\/\/flamen.cz\/hu\/wp-json\/wp\/v2\/tags?post=10730"}],"curies":[{"name":"wp","href":"https:\/\/api.w.org\/{rel}","templated":true}]}}