{"id":10662,"date":"2025-06-03T15:22:21","date_gmt":"2025-06-03T15:22:21","guid":{"rendered":"https:\/\/flamen.cz\/magna-forrest-green-l\/"},"modified":"2025-07-25T11:06:20","modified_gmt":"2025-07-25T11:06:20","slug":"magna-forrest-green-l","status":"publish","type":"post","link":"https:\/\/flamen.cz\/hu\/magna-forrest-green-l\/","title":{"rendered":"MAGNA Forrest Green L"},"content":{"rendered":"<h4 style=\"text-align: center;\" data-start=\"627\" data-end=\"875\"><span style=\"color: #ff0000;\">Eredeti \u00fcvegker\u00e1mia kandall\u00f3 \u00fajrahasznos\u00edtott \u00fcvegb\u0151l<\/span><\/h4>\n<p>Olyan kandall\u00f3 k\u00e1lyh\u00e1t keres, amely megfelel az egyedi diz\u00e1jn, az \u00f6kol\u00f3gia \u00e9s a funkcionalit\u00e1s ir\u00e1nti ig\u00e9nyeknek? A <strong>MAGNA Forrest Green L<\/strong> pontosan az a modell, amit keresel bal sarok kivitelben!<\/p>\n<p>A MAGNA letisztult vonalakkal \u00e9s kiv\u00e9teles fel\u00fcletkezel\u00e9ssel ny\u0171g\u00f6z le. A <strong>Forrest Green<\/strong> \u00e1rnyalat &#8211; egy gazdag z\u00f6ld, amelyet az erd\u0151 ihletett &#8211; harm\u00f3ni\u00e1t \u00e9s term\u00e9szetes hat\u00e1st visz a bels\u0151 t\u00e9rbe. [barvy]<\/p>\n<p><strong>\u00d6kol\u00f3giai gy\u00e1rt\u00e1s<\/strong><\/p>\n<p>A MAGNA kandall\u00f3 k\u00e1lyh\u00e1k <strong>100%-ban \u00fajrahasznos\u00edtott \u00fcvegb\u0151l k\u00e9sz\u00fclnek<\/strong> &#8211; nyersanyagok kinyer\u00e9se n\u00e9lk\u00fcl. Napelemekb\u0151l sz\u00e1rmaz\u00f3 marad\u00e9kot vagy \u00e1sv\u00e1nyv\u00edz-, s\u00f6r- vagy pezsg\u0151s\u00fcvegekb\u0151l sz\u00e1rmaz\u00f3 \u00fcveget haszn\u00e1lnak fel. Maga a gy\u00e1rt\u00e1si folyamat is nagyon k\u00f6rnyezetbar\u00e1t.<\/p>\n<p data-start=\"1448\" data-end=\"1591\">\n","protected":false},"excerpt":{"rendered":"<p>Eredeti \u00fcvegker\u00e1mia kandall\u00f3 \u00fajrahasznos\u00edtott \u00fcvegb\u0151l Olyan kandall\u00f3 k\u00e1lyh\u00e1t keres, amely megfelel az egyedi diz\u00e1jn, az \u00f6kol\u00f3gia \u00e9s a funkcionalit\u00e1s ir\u00e1nti ig\u00e9nyeknek? A MAGNA Forrest Green L pontosan az a modell, amit keresel bal sarok kivitelben! A MAGNA letisztult vonalakkal \u00e9s kiv\u00e9teles fel\u00fcletkezel\u00e9ssel ny\u0171g\u00f6z le. A Forrest Green \u00e1rnyalat &#8211; egy gazdag z\u00f6ld, amelyet az erd\u0151 [&hellip;]<\/p>\n","protected":false},"author":4,"featured_media":15933,"comment_status":"closed","ping_status":"open","sticky":false,"template":"","format":"standard","meta":{"_acf_changed":false,"footnotes":""},"categories":[91],"tags":[],"class_list":["post-10662","post","type-post","status-publish","format-standard","has-post-thumbnail","hentry","category-kandallo-kalyha"],"acf":[],"yoast_head":"<!-- This site is optimized with the Yoast SEO plugin v27.5 - https:\/\/yoast.com\/product\/yoast-seo-wordpress\/ -->\n<title>MAGNA Forrest Green L | Flamen Czech Republic, s.r.o.<\/title>\n<meta name=\"robots\" content=\"index, follow, max-snippet:-1, max-image-preview:large, max-video-preview:-1\" \/>\n<link rel=\"canonical\" href=\"https:\/\/flamen.cz\/hu\/magna-forrest-green-l\/\" \/>\n<meta property=\"og:locale\" content=\"hu_HU\" \/>\n<meta property=\"og:type\" content=\"article\" \/>\n<meta property=\"og:title\" content=\"MAGNA Forrest Green L | Flamen Czech Republic, s.r.o.\" \/>\n<meta property=\"og:description\" content=\"Eredeti \u00fcvegker\u00e1mia kandall\u00f3 \u00fajrahasznos\u00edtott \u00fcvegb\u0151l Olyan kandall\u00f3 k\u00e1lyh\u00e1t keres, amely megfelel az egyedi diz\u00e1jn, az \u00f6kol\u00f3gia \u00e9s a funkcionalit\u00e1s ir\u00e1nti ig\u00e9nyeknek? A MAGNA Forrest Green L pontosan az a modell, amit keresel bal sarok kivitelben! A MAGNA letisztult vonalakkal \u00e9s kiv\u00e9teles fel\u00fcletkezel\u00e9ssel ny\u0171g\u00f6z le. A Forrest Green \u00e1rnyalat &#8211; egy gazdag z\u00f6ld, amelyet az erd\u0151 [&hellip;]\" \/>\n<meta property=\"og:url\" content=\"https:\/\/flamen.cz\/hu\/magna-forrest-green-l\/\" \/>\n<meta property=\"og:site_name\" content=\"Flamen Czech Republic, s.r.o.\" \/>\n<meta property=\"article:publisher\" content=\"https:\/\/www.facebook.com\/krbyakamnarocal\" \/>\n<meta property=\"article:published_time\" content=\"2025-06-03T15:22:21+00:00\" \/>\n<meta property=\"article:modified_time\" content=\"2025-07-25T11:06:20+00:00\" \/>\n<meta property=\"og:image\" content=\"https:\/\/flamen.cz\/wp-content\/uploads\/2025\/06\/CB-tec-MAGNA-Forrest-green-S20XL.jpg\" \/>\n\t<meta property=\"og:image:width\" content=\"2500\" \/>\n\t<meta property=\"og:image:height\" content=\"1406\" \/>\n\t<meta property=\"og:image:type\" content=\"image\/jpeg\" \/>\n<meta name=\"author\" content=\"\u0160\u00e1rka Kri\u0161\u00e1kov\u00e1\" \/>\n<meta name=\"twitter:card\" content=\"summary_large_image\" \/>\n<meta name=\"twitter:label1\" content=\"Szerz\u0151:\" \/>\n\t<meta name=\"twitter:data1\" content=\"\u0160\u00e1rka Kri\u0161\u00e1kov\u00e1\" \/>\n\t<meta name=\"twitter:label2\" content=\"Becs\u00fclt olvas\u00e1si id\u0151\" \/>\n\t<meta name=\"twitter:data2\" content=\"1 perc\" \/>\n<script type=\"application\/ld+json\" class=\"yoast-schema-graph\">{\"@context\":\"https:\\\/\\\/schema.org\",\"@graph\":[{\"@type\":\"Article\",\"@id\":\"https:\\\/\\\/flamen.cz\\\/hu\\\/magna-forrest-green-l\\\/#article\",\"isPartOf\":{\"@id\":\"https:\\\/\\\/flamen.cz\\\/hu\\\/magna-forrest-green-l\\\/\"},\"author\":{\"name\":\"\u0160\u00e1rka Kri\u0161\u00e1kov\u00e1\",\"@id\":\"https:\\\/\\\/flamen.cz\\\/#\\\/schema\\\/person\\\/c3b4a7cb03ada6c6b9d218ced049975f\"},\"headline\":\"MAGNA Forrest Green L\",\"datePublished\":\"2025-06-03T15:22:21+00:00\",\"dateModified\":\"2025-07-25T11:06:20+00:00\",\"mainEntityOfPage\":{\"@id\":\"https:\\\/\\\/flamen.cz\\\/hu\\\/magna-forrest-green-l\\\/\"},\"wordCount\":151,\"image\":{\"@id\":\"https:\\\/\\\/flamen.cz\\\/hu\\\/magna-forrest-green-l\\\/#primaryimage\"},\"thumbnailUrl\":\"https:\\\/\\\/flamen.cz\\\/wp-content\\\/uploads\\\/2025\\\/06\\\/sklokeramicka-kamna-ve-svetlem-interieru-cb-tec-magna-forrest-green-l.webp\",\"articleSection\":[\"Kandall\u00f3 k\u00e1lyha\"],\"inLanguage\":\"hu\"},{\"@type\":\"WebPage\",\"@id\":\"https:\\\/\\\/flamen.cz\\\/hu\\\/magna-forrest-green-l\\\/\",\"url\":\"https:\\\/\\\/flamen.cz\\\/hu\\\/magna-forrest-green-l\\\/\",\"name\":\"MAGNA Forrest Green L | Flamen Czech Republic, s.r.o.\",\"isPartOf\":{\"@id\":\"https:\\\/\\\/flamen.cz\\\/#website\"},\"primaryImageOfPage\":{\"@id\":\"https:\\\/\\\/flamen.cz\\\/hu\\\/magna-forrest-green-l\\\/#primaryimage\"},\"image\":{\"@id\":\"https:\\\/\\\/flamen.cz\\\/hu\\\/magna-forrest-green-l\\\/#primaryimage\"},\"thumbnailUrl\":\"https:\\\/\\\/flamen.cz\\\/wp-content\\\/uploads\\\/2025\\\/06\\\/sklokeramicka-kamna-ve-svetlem-interieru-cb-tec-magna-forrest-green-l.webp\",\"datePublished\":\"2025-06-03T15:22:21+00:00\",\"dateModified\":\"2025-07-25T11:06:20+00:00\",\"author\":{\"@id\":\"https:\\\/\\\/flamen.cz\\\/#\\\/schema\\\/person\\\/c3b4a7cb03ada6c6b9d218ced049975f\"},\"breadcrumb\":{\"@id\":\"https:\\\/\\\/flamen.cz\\\/hu\\\/magna-forrest-green-l\\\/#breadcrumb\"},\"inLanguage\":\"hu\",\"potentialAction\":[{\"@type\":\"ReadAction\",\"target\":[\"https:\\\/\\\/flamen.cz\\\/hu\\\/magna-forrest-green-l\\\/\"]}]},{\"@type\":\"ImageObject\",\"inLanguage\":\"hu\",\"@id\":\"https:\\\/\\\/flamen.cz\\\/hu\\\/magna-forrest-green-l\\\/#primaryimage\",\"url\":\"https:\\\/\\\/flamen.cz\\\/wp-content\\\/uploads\\\/2025\\\/06\\\/sklokeramicka-kamna-ve-svetlem-interieru-cb-tec-magna-forrest-green-l.webp\",\"contentUrl\":\"https:\\\/\\\/flamen.cz\\\/wp-content\\\/uploads\\\/2025\\\/06\\\/sklokeramicka-kamna-ve-svetlem-interieru-cb-tec-magna-forrest-green-l.webp\",\"width\":2500,\"height\":1406,\"caption\":\"Sklokeramick\u00e1 rohov\u00e1 kamna CB-tec MAGNA v zelen\u00e9m designu\"},{\"@type\":\"BreadcrumbList\",\"@id\":\"https:\\\/\\\/flamen.cz\\\/hu\\\/magna-forrest-green-l\\\/#breadcrumb\",\"itemListElement\":[{\"@type\":\"ListItem\",\"position\":1,\"name\":\"Dom\u016f\",\"item\":\"https:\\\/\\\/flamen.cz\\\/hu\\\/\"},{\"@type\":\"ListItem\",\"position\":2,\"name\":\"MAGNA Forrest Green L\"}]},{\"@type\":\"WebSite\",\"@id\":\"https:\\\/\\\/flamen.cz\\\/#website\",\"url\":\"https:\\\/\\\/flamen.cz\\\/\",\"name\":\"Flamen Czech Republic, s.r.o.\",\"description\":\"FLAMEN dov\u00e1\u017e\u00ed a instaluje krby a kamna na d\u0159evo, pelety, plyn \u010di biol\u00edh, a stav\u00ed kom\u00edny.\",\"potentialAction\":[{\"@type\":\"SearchAction\",\"target\":{\"@type\":\"EntryPoint\",\"urlTemplate\":\"https:\\\/\\\/flamen.cz\\\/?s={search_term_string}\"},\"query-input\":{\"@type\":\"PropertyValueSpecification\",\"valueRequired\":true,\"valueName\":\"search_term_string\"}}],\"inLanguage\":\"hu\"},{\"@type\":\"Person\",\"@id\":\"https:\\\/\\\/flamen.cz\\\/#\\\/schema\\\/person\\\/c3b4a7cb03ada6c6b9d218ced049975f\",\"name\":\"\u0160\u00e1rka Kri\u0161\u00e1kov\u00e1\",\"url\":\"https:\\\/\\\/flamen.cz\\\/hu\\\/author\\\/krby\\\/\"}]}<\/script>\n<!-- \/ Yoast SEO plugin. -->","yoast_head_json":{"title":"MAGNA Forrest Green L | Flamen Czech Republic, s.r.o.","robots":{"index":"index","follow":"follow","max-snippet":"max-snippet:-1","max-image-preview":"max-image-preview:large","max-video-preview":"max-video-preview:-1"},"canonical":"https:\/\/flamen.cz\/hu\/magna-forrest-green-l\/","og_locale":"hu_HU","og_type":"article","og_title":"MAGNA Forrest Green L | Flamen Czech Republic, s.r.o.","og_description":"Eredeti \u00fcvegker\u00e1mia kandall\u00f3 \u00fajrahasznos\u00edtott \u00fcvegb\u0151l Olyan kandall\u00f3 k\u00e1lyh\u00e1t keres, amely megfelel az egyedi diz\u00e1jn, az \u00f6kol\u00f3gia \u00e9s a funkcionalit\u00e1s ir\u00e1nti ig\u00e9nyeknek? A MAGNA Forrest Green L pontosan az a modell, amit keresel bal sarok kivitelben! A MAGNA letisztult vonalakkal \u00e9s kiv\u00e9teles fel\u00fcletkezel\u00e9ssel ny\u0171g\u00f6z le. A Forrest Green \u00e1rnyalat &#8211; egy gazdag z\u00f6ld, amelyet az erd\u0151 [&hellip;]","og_url":"https:\/\/flamen.cz\/hu\/magna-forrest-green-l\/","og_site_name":"Flamen Czech Republic, s.r.o.","article_publisher":"https:\/\/www.facebook.com\/krbyakamnarocal","article_published_time":"2025-06-03T15:22:21+00:00","article_modified_time":"2025-07-25T11:06:20+00:00","og_image":[{"width":2500,"height":1406,"url":"https:\/\/flamen.cz\/wp-content\/uploads\/2025\/06\/CB-tec-MAGNA-Forrest-green-S20XL.jpg","type":"image\/jpeg"}],"author":"\u0160\u00e1rka Kri\u0161\u00e1kov\u00e1","twitter_card":"summary_large_image","twitter_misc":{"Szerz\u0151:":"\u0160\u00e1rka Kri\u0161\u00e1kov\u00e1","Becs\u00fclt olvas\u00e1si id\u0151":"1 perc"},"schema":{"@context":"https:\/\/schema.org","@graph":[{"@type":"Article","@id":"https:\/\/flamen.cz\/hu\/magna-forrest-green-l\/#article","isPartOf":{"@id":"https:\/\/flamen.cz\/hu\/magna-forrest-green-l\/"},"author":{"name":"\u0160\u00e1rka Kri\u0161\u00e1kov\u00e1","@id":"https:\/\/flamen.cz\/#\/schema\/person\/c3b4a7cb03ada6c6b9d218ced049975f"},"headline":"MAGNA Forrest Green L","datePublished":"2025-06-03T15:22:21+00:00","dateModified":"2025-07-25T11:06:20+00:00","mainEntityOfPage":{"@id":"https:\/\/flamen.cz\/hu\/magna-forrest-green-l\/"},"wordCount":151,"image":{"@id":"https:\/\/flamen.cz\/hu\/magna-forrest-green-l\/#primaryimage"},"thumbnailUrl":"https:\/\/flamen.cz\/wp-content\/uploads\/2025\/06\/sklokeramicka-kamna-ve-svetlem-interieru-cb-tec-magna-forrest-green-l.webp","articleSection":["Kandall\u00f3 k\u00e1lyha"],"inLanguage":"hu"},{"@type":"WebPage","@id":"https:\/\/flamen.cz\/hu\/magna-forrest-green-l\/","url":"https:\/\/flamen.cz\/hu\/magna-forrest-green-l\/","name":"MAGNA Forrest Green L | Flamen Czech Republic, s.r.o.","isPartOf":{"@id":"https:\/\/flamen.cz\/#website"},"primaryImageOfPage":{"@id":"https:\/\/flamen.cz\/hu\/magna-forrest-green-l\/#primaryimage"},"image":{"@id":"https:\/\/flamen.cz\/hu\/magna-forrest-green-l\/#primaryimage"},"thumbnailUrl":"https:\/\/flamen.cz\/wp-content\/uploads\/2025\/06\/sklokeramicka-kamna-ve-svetlem-interieru-cb-tec-magna-forrest-green-l.webp","datePublished":"2025-06-03T15:22:21+00:00","dateModified":"2025-07-25T11:06:20+00:00","author":{"@id":"https:\/\/flamen.cz\/#\/schema\/person\/c3b4a7cb03ada6c6b9d218ced049975f"},"breadcrumb":{"@id":"https:\/\/flamen.cz\/hu\/magna-forrest-green-l\/#breadcrumb"},"inLanguage":"hu","potentialAction":[{"@type":"ReadAction","target":["https:\/\/flamen.cz\/hu\/magna-forrest-green-l\/"]}]},{"@type":"ImageObject","inLanguage":"hu","@id":"https:\/\/flamen.cz\/hu\/magna-forrest-green-l\/#primaryimage","url":"https:\/\/flamen.cz\/wp-content\/uploads\/2025\/06\/sklokeramicka-kamna-ve-svetlem-interieru-cb-tec-magna-forrest-green-l.webp","contentUrl":"https:\/\/flamen.cz\/wp-content\/uploads\/2025\/06\/sklokeramicka-kamna-ve-svetlem-interieru-cb-tec-magna-forrest-green-l.webp","width":2500,"height":1406,"caption":"Sklokeramick\u00e1 rohov\u00e1 kamna CB-tec MAGNA v zelen\u00e9m designu"},{"@type":"BreadcrumbList","@id":"https:\/\/flamen.cz\/hu\/magna-forrest-green-l\/#breadcrumb","itemListElement":[{"@type":"ListItem","position":1,"name":"Dom\u016f","item":"https:\/\/flamen.cz\/hu\/"},{"@type":"ListItem","position":2,"name":"MAGNA Forrest Green L"}]},{"@type":"WebSite","@id":"https:\/\/flamen.cz\/#website","url":"https:\/\/flamen.cz\/","name":"Flamen Czech Republic, s.r.o.","description":"FLAMEN dov\u00e1\u017e\u00ed a instaluje krby a kamna na d\u0159evo, pelety, plyn \u010di biol\u00edh, a stav\u00ed kom\u00edny.","potentialAction":[{"@type":"SearchAction","target":{"@type":"EntryPoint","urlTemplate":"https:\/\/flamen.cz\/?s={search_term_string}"},"query-input":{"@type":"PropertyValueSpecification","valueRequired":true,"valueName":"search_term_string"}}],"inLanguage":"hu"},{"@type":"Person","@id":"https:\/\/flamen.cz\/#\/schema\/person\/c3b4a7cb03ada6c6b9d218ced049975f","name":"\u0160\u00e1rka Kri\u0161\u00e1kov\u00e1","url":"https:\/\/flamen.cz\/hu\/author\/krby\/"}]}},"_links":{"self":[{"href":"https:\/\/flamen.cz\/hu\/wp-json\/wp\/v2\/posts\/10662","targetHints":{"allow":["GET"]}}],"collection":[{"href":"https:\/\/flamen.cz\/hu\/wp-json\/wp\/v2\/posts"}],"about":[{"href":"https:\/\/flamen.cz\/hu\/wp-json\/wp\/v2\/types\/post"}],"author":[{"embeddable":true,"href":"https:\/\/flamen.cz\/hu\/wp-json\/wp\/v2\/users\/4"}],"replies":[{"embeddable":true,"href":"https:\/\/flamen.cz\/hu\/wp-json\/wp\/v2\/comments?post=10662"}],"version-history":[{"count":3,"href":"https:\/\/flamen.cz\/hu\/wp-json\/wp\/v2\/posts\/10662\/revisions"}],"predecessor-version":[{"id":10670,"href":"https:\/\/flamen.cz\/hu\/wp-json\/wp\/v2\/posts\/10662\/revisions\/10670"}],"wp:featuredmedia":[{"embeddable":true,"href":"https:\/\/flamen.cz\/hu\/wp-json\/wp\/v2\/media\/15933"}],"wp:attachment":[{"href":"https:\/\/flamen.cz\/hu\/wp-json\/wp\/v2\/media?parent=10662"}],"wp:term":[{"taxonomy":"category","embeddable":true,"href":"https:\/\/flamen.cz\/hu\/wp-json\/wp\/v2\/categories?post=10662"},{"taxonomy":"post_tag","embeddable":true,"href":"https:\/\/flamen.cz\/hu\/wp-json\/wp\/v2\/tags?post=10662"}],"curies":[{"name":"wp","href":"https:\/\/api.w.org\/{rel}","templated":true}]}}